{"id":10602,"date":"2023-05-12T12:42:15","date_gmt":"2023-05-12T17:42:15","guid":{"rendered":"https:\/\/epacartagena.gov.co\/web\/?p=10602"},"modified":"2023-05-12T12:45:03","modified_gmt":"2023-05-12T17:45:03","slug":"en-mamonal-epa-suspende-actividades-a-empresa-por-afectaciones-al-ambiente","status":"publish","type":"post","link":"https:\/\/epacartagena.gov.co\/web\/en-mamonal-epa-suspende-actividades-a-empresa-por-afectaciones-al-ambiente\/","title":{"rendered":"EN MAMONAL. EPA SUSPENDE ACTIVIDADES A EMPRESA POR AFECTACI\u00d3NES AL AMBIENTE."},"content":{"rendered":"\n<p>CARTAGENA. D.T.Y C 12 DE MAYO DE 2023. En virtud a programa de control y vigilancia especial dispuesto para la comunidad de Policarpa y sectores aleda\u00f1os, el Establecimiento P\u00fablico Ambiental, EPA Cartagena, con apoyo de la Guardia Ambiental, logr\u00f3 el cierre preventivo de una empresa que fue sorprendida en una visita de vigilancia y control, haciendo vertimientos de una sustancia oleosa y oscura, con apariencia a hidrocarburo, en el canal Policarpa II, generando adem\u00e1s fuerte olores nauseabundos y contaminaci\u00f3n en el ecosistema de humedal aleda\u00f1o a la empresa.<\/p>\n\n\n\n<p>Debido a lo anterior, la empresa Petroambiental Mamonal SAS, fue objeto de imposici\u00f3n de medida preventiva consistente en suspensi\u00f3n temporal de actividad, y afrontar\u00e1 un proceso sancionatorio, que conlleva multas hasta por 5.000 salarios m\u00ednimos.<\/p>\n\n\n\n<p>Por esta situaci\u00f3n, el EPA Cartagena emiti\u00f3 una alerta al Ministerio de Ambiente y Desarrollo Sostenible, ANLA, DIMAR, CARDIQUE, INVEMAR, UNGRD, Distrito de Cartagena, Bomberos, entre otras autoridades para que desplieguen todas las acciones tendientes a evitar que este vertimiento llegue a la Bahia de Cartagena.<\/p>\n\n\n\n<p>En consecuencia la Oficina de Gesti\u00f3n del Riesgo, Cuerpo de Bomberos, veedores de la salud y representantes de comunidades aleda\u00f1as acompa\u00f1aron la visita de inspecci\u00f3n a lo largo de todo el canal para determinar el grado de afectaci\u00f3n, tomando pruebas que fueron enviada a laboratorio certificado y evaluando hasta donde se ha desplazado el derrame. Se analiza la posibilidad de establecer un Plan de Mando Unificado (PMU) para monitorear permanentemente el avance de la mancha negra sobre el cuerpo de agua.<\/p>\n\n\n\n<p>Personal de la Oficina de Gesti\u00f3n del Riesgo tom\u00f3 evidencias t\u00e9cnicas y videos con drone en la zona, logrando visualizar las afectaciones en el tramo de canal vecino a la empresa con cierre preventivo. As\u00ed mismo personal t\u00e9cnico de Bomberos hizo sus indagaciones.<\/p>\n\n\n\n<p>Adem\u00e1s de atender las peticiones de la comunidad y protegiendo su derecho a un ambiente sano, EPA Cartagena junto a la Guardia Ambiental y la Oficina de Gesti\u00f3n de Riesgo contin\u00faan las visitas e inspecciones t\u00e9cnicas a establecimientos comerciales en zonas del sector de Mamonal, especialmente a lavaderos de carrotanques y veh\u00edculos de transporte de qu\u00edmicos y l\u00edquidos inflamables, sobre los cuales existen quejas de la comunidad de Policarpa y sectores vecinos.<\/p>\n\n\n\n<p>Las quejas de comunidades vecinas se\u00f1alan que tanto lavaderos como empresas de aprovechamiento de residuos de hidrocarburos realizan vertimientos de l\u00edquidos contaminantes a ca\u00f1os, al suelo y sectores aleda\u00f1os sin ning\u00fan tipo de tratamiento, generando olores ofensivos en el \u00e1rea de influencia.<\/p>\n\n\n\n<p>El subdirector t\u00e9cnico y Desarrollo Sostenible del EPA, Roberto Junior Gonz\u00e1lez, hace un llamado al sector industrial de Mamonal para que realicen sus actividades acatando la normatividad ambiental.<\/p>\n\n\n\n<figure class=\"wp-block-embed is-type-video is-provider-youtube wp-block-embed-youtube wp-embed-aspect-16-9 wp-has-aspect-ratio\"><div class=\"wp-block-embed__wrapper\">\n<iframe loading=\"lazy\" title=\"Roberto Junior Gonz\u00e1lez, subdirector t\u00e9cnico y Desarrollo Sostenible del\u00a0EPA\u00a0Cartagena\" width=\"720\" height=\"405\" src=\"https:\/\/www.youtube.com\/embed\/eUNoIuVfZjU?feature=oembed\" frameborder=\"0\" allow=\"accelerometer; autoplay; clipboard-write; encrypted-media; gyroscope; picture-in-picture; web-share\" referrerpolicy=\"strict-origin-when-cross-origin\" allowfullscreen><\/iframe>\n<\/div><\/figure>\n\n\n\n<p>El EPA continuar\u00e1 con los procesos administrativos para determinar responsabilidades y posibles sanciones a empresas del sector de Mamonal con el fin de garantizar la preservaci\u00f3n y conservaci\u00f3n de los ecosistemas, y el derecho fundamental de las comunidades a gozar de un ambiente sano.<\/p>\n\n\n\n<p>Con este tipo de actuaciones, el EPA Cartagena contin\u00faa dando cumplimiento al plan de acci\u00f3n \u00abSalvemos Juntos Nuestro Patrimonio Natural\u00bb, del Plan de Desarrollo, que contempla medidas de aseguramiento, monitoreos, control y vigilancia ambiental en todo\u00a0el\u00a0Distrito.<\/p>\n\n\n\n<figure class=\"wp-block-gallery has-nested-images columns-default is-cropped wp-block-gallery-1 is-layout-flex wp-block-gallery-is-layout-flex\">\n<figure class=\"wp-block-image size-large\"><img loading=\"lazy\" decoding=\"async\" width=\"1024\" height=\"682\" data-id=\"10610\" src=\"https:\/\/epacartagena.gov.co\/web\/wp-content\/uploads\/2023\/05\/Imagen-de-WhatsApp-2023-05-12-a-las-11.43.38-7-1024x682.jpg\" alt=\"\" class=\"wp-image-10610\" srcset=\"https:\/\/epacartagena.gov.co\/web\/wp-content\/uploads\/2023\/05\/Imagen-de-WhatsApp-2023-05-12-a-las-11.43.38-7-1024x682.jpg 1024w, https:\/\/epacartagena.gov.co\/web\/wp-content\/uploads\/2023\/05\/Imagen-de-WhatsApp-2023-05-12-a-las-11.43.38-7-300x200.jpg 300w, https:\/\/epacartagena.gov.co\/web\/wp-content\/uploads\/2023\/05\/Imagen-de-WhatsApp-2023-05-12-a-las-11.43.38-7-768x512.jpg 768w, https:\/\/epacartagena.gov.co\/web\/wp-content\/uploads\/2023\/05\/Imagen-de-WhatsApp-2023-05-12-a-las-11.43.38-7-1536x1023.jpg 1536w, https:\/\/epacartagena.gov.co\/web\/wp-content\/uploads\/2023\/05\/Imagen-de-WhatsApp-2023-05-12-a-las-11.43.38-7-1200x800.jpg 1200w, https:\/\/epacartagena.gov.co\/web\/wp-content\/uploads\/2023\/05\/Imagen-de-WhatsApp-2023-05-12-a-las-11.43.38-7.jpg 1600w\" sizes=\"auto, (max-width: 1024px) 100vw, 1024px\" \/><\/figure>\n\n\n\n<figure class=\"wp-block-image size-large\"><img loading=\"lazy\" decoding=\"async\" width=\"1024\" height=\"682\" data-id=\"10609\" src=\"https:\/\/epacartagena.gov.co\/web\/wp-content\/uploads\/2023\/05\/Imagen-de-WhatsApp-2023-05-12-a-las-11.43.38-6-1024x682.jpg\" alt=\"\" class=\"wp-image-10609\" srcset=\"https:\/\/epacartagena.gov.co\/web\/wp-content\/uploads\/2023\/05\/Imagen-de-WhatsApp-2023-05-12-a-las-11.43.38-6-1024x682.jpg 1024w, https:\/\/epacartagena.gov.co\/web\/wp-content\/uploads\/2023\/05\/Imagen-de-WhatsApp-2023-05-12-a-las-11.43.38-6-300x200.jpg 300w, https:\/\/epacartagena.gov.co\/web\/wp-content\/uploads\/2023\/05\/Imagen-de-WhatsApp-2023-05-12-a-las-11.43.38-6-768x512.jpg 768w, https:\/\/epacartagena.gov.co\/web\/wp-content\/uploads\/2023\/05\/Imagen-de-WhatsApp-2023-05-12-a-las-11.43.38-6-1536x1023.jpg 1536w, https:\/\/epacartagena.gov.co\/web\/wp-content\/uploads\/2023\/05\/Imagen-de-WhatsApp-2023-05-12-a-las-11.43.38-6-1200x800.jpg 1200w, https:\/\/epacartagena.gov.co\/web\/wp-content\/uploads\/2023\/05\/Imagen-de-WhatsApp-2023-05-12-a-las-11.43.38-6.jpg 1600w\" sizes=\"auto, (max-width: 1024px) 100vw, 1024px\" \/><\/figure>\n\n\n\n<figure class=\"wp-block-image size-large\"><img loading=\"lazy\" decoding=\"async\" width=\"1024\" height=\"682\" data-id=\"10608\" src=\"https:\/\/epacartagena.gov.co\/web\/wp-content\/uploads\/2023\/05\/Imagen-de-WhatsApp-2023-05-12-a-las-11.43.37-5-1024x682.jpg\" alt=\"\" class=\"wp-image-10608\" srcset=\"https:\/\/epacartagena.gov.co\/web\/wp-content\/uploads\/2023\/05\/Imagen-de-WhatsApp-2023-05-12-a-las-11.43.37-5-1024x682.jpg 1024w, https:\/\/epacartagena.gov.co\/web\/wp-content\/uploads\/2023\/05\/Imagen-de-WhatsApp-2023-05-12-a-las-11.43.37-5-300x200.jpg 300w, https:\/\/epacartagena.gov.co\/web\/wp-content\/uploads\/2023\/05\/Imagen-de-WhatsApp-2023-05-12-a-las-11.43.37-5-768x512.jpg 768w, https:\/\/epacartagena.gov.co\/web\/wp-content\/uploads\/2023\/05\/Imagen-de-WhatsApp-2023-05-12-a-las-11.43.37-5-1536x1023.jpg 1536w, https:\/\/epacartagena.gov.co\/web\/wp-content\/uploads\/2023\/05\/Imagen-de-WhatsApp-2023-05-12-a-las-11.43.37-5-1200x800.jpg 1200w, https:\/\/epacartagena.gov.co\/web\/wp-content\/uploads\/2023\/05\/Imagen-de-WhatsApp-2023-05-12-a-las-11.43.37-5.jpg 1600w\" sizes=\"auto, (max-width: 1024px) 100vw, 1024px\" \/><\/figure>\n\n\n\n<figure class=\"wp-block-image size-large\"><img loading=\"lazy\" decoding=\"async\" width=\"1024\" height=\"768\" data-id=\"10607\" src=\"https:\/\/epacartagena.gov.co\/web\/wp-content\/uploads\/2023\/05\/Imagen-de-WhatsApp-2023-05-12-a-las-11.43.37-4-1024x768.jpg\" alt=\"\" class=\"wp-image-10607\" srcset=\"https:\/\/epacartagena.gov.co\/web\/wp-content\/uploads\/2023\/05\/Imagen-de-WhatsApp-2023-05-12-a-las-11.43.37-4-1024x768.jpg 1024w, https:\/\/epacartagena.gov.co\/web\/wp-content\/uploads\/2023\/05\/Imagen-de-WhatsApp-2023-05-12-a-las-11.43.37-4-300x225.jpg 300w, https:\/\/epacartagena.gov.co\/web\/wp-content\/uploads\/2023\/05\/Imagen-de-WhatsApp-2023-05-12-a-las-11.43.37-4-768x576.jpg 768w, https:\/\/epacartagena.gov.co\/web\/wp-content\/uploads\/2023\/05\/Imagen-de-WhatsApp-2023-05-12-a-las-11.43.37-4.jpg 1280w\" sizes=\"auto, (max-width: 1024px) 100vw, 1024px\" \/><\/figure>\n\n\n\n<figure class=\"wp-block-image size-large\"><img loading=\"lazy\" decoding=\"async\" width=\"1024\" height=\"768\" data-id=\"10605\" src=\"https:\/\/epacartagena.gov.co\/web\/wp-content\/uploads\/2023\/05\/2-1024x768.jpg\" alt=\"\" class=\"wp-image-10605\" srcset=\"https:\/\/epacartagena.gov.co\/web\/wp-content\/uploads\/2023\/05\/2-1024x768.jpg 1024w, https:\/\/epacartagena.gov.co\/web\/wp-content\/uploads\/2023\/05\/2-300x225.jpg 300w, https:\/\/epacartagena.gov.co\/web\/wp-content\/uploads\/2023\/05\/2-768x576.jpg 768w, https:\/\/epacartagena.gov.co\/web\/wp-content\/uploads\/2023\/05\/2.jpg 1280w\" sizes=\"auto, (max-width: 1024px) 100vw, 1024px\" \/><\/figure>\n\n\n\n<figure class=\"wp-block-image size-large\"><img loading=\"lazy\" decoding=\"async\" width=\"1024\" height=\"768\" data-id=\"10604\" src=\"https:\/\/epacartagena.gov.co\/web\/wp-content\/uploads\/2023\/05\/Imagen-de-WhatsApp-2023-05-12-a-las-11.43.36-1024x768.jpg\" alt=\"\" class=\"wp-image-10604\" srcset=\"https:\/\/epacartagena.gov.co\/web\/wp-content\/uploads\/2023\/05\/Imagen-de-WhatsApp-2023-05-12-a-las-11.43.36-1024x768.jpg 1024w, https:\/\/epacartagena.gov.co\/web\/wp-content\/uploads\/2023\/05\/Imagen-de-WhatsApp-2023-05-12-a-las-11.43.36-300x225.jpg 300w, https:\/\/epacartagena.gov.co\/web\/wp-content\/uploads\/2023\/05\/Imagen-de-WhatsApp-2023-05-12-a-las-11.43.36-768x576.jpg 768w, https:\/\/epacartagena.gov.co\/web\/wp-content\/uploads\/2023\/05\/Imagen-de-WhatsApp-2023-05-12-a-las-11.43.36.jpg 1280w\" sizes=\"auto, (max-width: 1024px) 100vw, 1024px\" \/><\/figure>\n\n\n\n<figure class=\"wp-block-image size-large\"><img loading=\"lazy\" decoding=\"async\" width=\"1024\" height=\"682\" data-id=\"10603\" src=\"https:\/\/epacartagena.gov.co\/web\/wp-content\/uploads\/2023\/05\/Imagen-de-WhatsApp-2023-05-12-a-las-11.43.38-8-1024x682.jpg\" alt=\"\" class=\"wp-image-10603\" srcset=\"https:\/\/epacartagena.gov.co\/web\/wp-content\/uploads\/2023\/05\/Imagen-de-WhatsApp-2023-05-12-a-las-11.43.38-8-1024x682.jpg 1024w, https:\/\/epacartagena.gov.co\/web\/wp-content\/uploads\/2023\/05\/Imagen-de-WhatsApp-2023-05-12-a-las-11.43.38-8-300x200.jpg 300w, https:\/\/epacartagena.gov.co\/web\/wp-content\/uploads\/2023\/05\/Imagen-de-WhatsApp-2023-05-12-a-las-11.43.38-8-768x512.jpg 768w, https:\/\/epacartagena.gov.co\/web\/wp-content\/uploads\/2023\/05\/Imagen-de-WhatsApp-2023-05-12-a-las-11.43.38-8-1536x1023.jpg 1536w, https:\/\/epacartagena.gov.co\/web\/wp-content\/uploads\/2023\/05\/Imagen-de-WhatsApp-2023-05-12-a-las-11.43.38-8-1200x800.jpg 1200w, https:\/\/epacartagena.gov.co\/web\/wp-content\/uploads\/2023\/05\/Imagen-de-WhatsApp-2023-05-12-a-las-11.43.38-8.jpg 1600w\" sizes=\"auto, (max-width: 1024px) 100vw, 1024px\" \/><\/figure>\n<\/figure>\n","protected":false},"excerpt":{"rendered":"<p>CARTAGENA. D.T.Y C 12 DE MAYO DE 2023. En virtud a programa de control y vigilancia especial dispuesto para la comunidad de Policarpa y sectores aleda\u00f1os, el Establecimiento P\u00fablico Ambiental, EPA Cartagena, con apoyo de la Guardia Ambiental, logr\u00f3 el cierre preventivo de una empresa que fue sorprendida en una visita de vigilancia y control,&#8230;<\/p>\n","protected":false},"author":1,"featured_media":10606,"comment_status":"closed","ping_status":"closed","sticky":false,"template":"","format":"standard","meta":{"_acf_changed":false,"_kad_post_transparent":"","_kad_post_title":"","_kad_post_layout":"","_kad_post_sidebar_id":"","_kad_post_content_style":"","_kad_post_vertical_padding":"","_kad_post_feature":"","_kad_post_feature_position":"","_kad_post_header":false,"_kad_post_footer":false,"_kad_post_classname":"","_vp_format_video_url":"","_vp_image_focal_point":[],"footnotes":""},"categories":[16,7],"tags":[],"class_list":["post-10602","post","type-post","status-publish","format-standard","has-post-thumbnail","hentry","category-areas-degradadas","category-noticias"],"acf":[],"_links":{"self":[{"href":"https:\/\/epacartagena.gov.co\/web\/wp-json\/wp\/v2\/posts\/10602","targetHints":{"allow":["GET"]}}],"collection":[{"href":"https:\/\/epacartagena.gov.co\/web\/wp-json\/wp\/v2\/posts"}],"about":[{"href":"https:\/\/epacartagena.gov.co\/web\/wp-json\/wp\/v2\/types\/post"}],"author":[{"embeddable":true,"href":"https:\/\/epacartagena.gov.co\/web\/wp-json\/wp\/v2\/users\/1"}],"replies":[{"embeddable":true,"href":"https:\/\/epacartagena.gov.co\/web\/wp-json\/wp\/v2\/comments?post=10602"}],"version-history":[{"count":3,"href":"https:\/\/epacartagena.gov.co\/web\/wp-json\/wp\/v2\/posts\/10602\/revisions"}],"predecessor-version":[{"id":10615,"href":"https:\/\/epacartagena.gov.co\/web\/wp-json\/wp\/v2\/posts\/10602\/revisions\/10615"}],"wp:featuredmedia":[{"embeddable":true,"href":"https:\/\/epacartagena.gov.co\/web\/wp-json\/wp\/v2\/media\/10606"}],"wp:attachment":[{"href":"https:\/\/epacartagena.gov.co\/web\/wp-json\/wp\/v2\/media?parent=10602"}],"wp:term":[{"taxonomy":"category","embeddable":true,"href":"https:\/\/epacartagena.gov.co\/web\/wp-json\/wp\/v2\/categories?post=10602"},{"taxonomy":"post_tag","embeddable":true,"href":"https:\/\/epacartagena.gov.co\/web\/wp-json\/wp\/v2\/tags?post=10602"}],"curies":[{"name":"wp","href":"https:\/\/api.w.org\/{rel}","templated":true}]}}