{"id":161,"date":"2020-07-25T23:13:00","date_gmt":"2020-07-26T04:13:00","guid":{"rendered":"http:\/\/epacartagena.gov.co\/web\/?p=161"},"modified":"2021-07-02T17:45:35","modified_gmt":"2021-07-02T22:45:35","slug":"director-del-epa-advierte-urgente-solucion-a-problema-ambiental-de-rellenos-en-zonas-de-manglar","status":"publish","type":"post","link":"https:\/\/epacartagena.gov.co\/web\/director-del-epa-advierte-urgente-solucion-a-problema-ambiental-de-rellenos-en-zonas-de-manglar\/","title":{"rendered":"Director del EPA Advierte Urgente Solucion a Problema Ambiental de Rellenos en Zonas de Manglar"},"content":{"rendered":"\n<p>Necesitamos enfrentar esta situaci\u00f3n de manera urgente para proteger nuestra ci\u00e9naga de la virgen y zonas de bajamar.<br><br>CARTAGENA 21 DE JULIO 2020.El director del Establecimiento P\u00fablico Ambiental, EPA, Javier Mouthon, lanz\u00f3 una voz de alerta a la ciudadan\u00eda y en especial a las dem\u00e1s autoridades locales y nacionales sobre el problema ambiental que desencadenar\u00eda para la ciudad la tala y relleno indiscriminado de zonas de manglares en Cartagena.<br><br>Mouthon inform\u00f3 que, en conjunto con otras autoridades, en especial con la Fiscal\u00eda, se trabaja en la desarticulaci\u00f3n del denominado \u201cCartel del Escombro\u201d, cuyos materiales y desechos provienen de la zona urbana de la ciudad y van a parar a estas zonas.<br><br>\u201cEstamos haci\u00e9ndole seguimientos a las fuentes generadoras de escombros y al transporte que utilizan, las cuales provienen del \u00e1rea urbana.<br><br>Igualmente programando con la Polic\u00eda un plan de control al tema de transporte especialmente\u201d, dijo el funcionario.<br>El Director del EPA conmin\u00f3 el apoyo al Concejo Distrital, durante una citaci\u00f3n en la que explic\u00f3 las acciones realizadas por el Ecobloque, grupo interinstitucional para trabajar por la recuperaci\u00f3n de \u00e1reas naturales invadidas y afectadas, en las que adem\u00e1s participaron Cardique, Dimar y otras autoridades.<br><br>Durante la presentaci\u00f3n al Concejo Distrital se explic\u00f3 que desde el a\u00f1o 2005 hasta el 2019 han sido afectadas 51.7 hect\u00e1reas de manglar y zonas de bajamar para ser invadidas, alertando adem\u00e1s que en el futuro los invasores de estas \u00e1reas ser\u00edan los primeros damnificados de los efectos que genera el cambio clim\u00e1tico, que est\u00e1 llegando en forma acelerada y dando poco tiempo para rescatar estos sectores afectados ambientalmente.<br><br>Seg\u00fan estudios econ\u00f3micos, explic\u00f3 Mouthon, cada hect\u00e1rea de manglar afectada deja p\u00e9rdidas de 33 mil d\u00f3lares por hect\u00e1rea y teniendo en cuenta la magnitud de afectaci\u00f3n, \u00e9stas son millonarias.<br><br>Debido al trabajo realizado por el Ecobloque se ha logrado la recuperaci\u00f3n de 2.172 metros cuadrado hasta junio de este a\u00f1o.<br><br>\u201cNecesitamos enfrentar esta situaci\u00f3n de manera urgente para proteger nuestra ci\u00e9naga de la virgen y zonas de bajamar para buscar su desarrollo sostenible. Invitamos a todos a unirnos para trabajar por este desafio ambiental\u201d, puntualiz\u00f3 el Director del EPA.<br><\/p>\n","protected":false},"excerpt":{"rendered":"<p>Necesitamos enfrentar esta situaci\u00f3n de manera urgente para proteger nuestra ci\u00e9naga de la virgen y zonas de bajamar. CARTAGENA 21 DE JULIO 2020.El director del Establecimiento P\u00fablico Ambiental, EPA, Javier Mouthon, lanz\u00f3 una voz de alerta a la ciudadan\u00eda y en especial a las dem\u00e1s autoridades locales y nacionales sobre el problema ambiental que desencadenar\u00eda&#8230;<\/p>\n","protected":false},"author":1,"featured_media":163,"comment_status":"closed","ping_status":"closed","sticky":false,"template":"","format":"standard","meta":{"_acf_changed":false,"_kad_post_transparent":"","_kad_post_title":"","_kad_post_layout":"","_kad_post_sidebar_id":"","_kad_post_content_style":"","_kad_post_vertical_padding":"","_kad_post_feature":"","_kad_post_feature_position":"","_kad_post_header":false,"_kad_post_footer":false,"_kad_post_classname":"","_vp_format_video_url":"","_vp_image_focal_point":[],"footnotes":""},"categories":[16,7],"tags":[],"class_list":["post-161","post","type-post","status-publish","format-standard","has-post-thumbnail","hentry","category-areas-degradadas","category-noticias"],"acf":[],"_links":{"self":[{"href":"https:\/\/epacartagena.gov.co\/web\/wp-json\/wp\/v2\/posts\/161","targetHints":{"allow":["GET"]}}],"collection":[{"href":"https:\/\/epacartagena.gov.co\/web\/wp-json\/wp\/v2\/posts"}],"about":[{"href":"https:\/\/epacartagena.gov.co\/web\/wp-json\/wp\/v2\/types\/post"}],"author":[{"embeddable":true,"href":"https:\/\/epacartagena.gov.co\/web\/wp-json\/wp\/v2\/users\/1"}],"replies":[{"embeddable":true,"href":"https:\/\/epacartagena.gov.co\/web\/wp-json\/wp\/v2\/comments?post=161"}],"version-history":[{"count":1,"href":"https:\/\/epacartagena.gov.co\/web\/wp-json\/wp\/v2\/posts\/161\/revisions"}],"predecessor-version":[{"id":4717,"href":"https:\/\/epacartagena.gov.co\/web\/wp-json\/wp\/v2\/posts\/161\/revisions\/4717"}],"wp:featuredmedia":[{"embeddable":true,"href":"https:\/\/epacartagena.gov.co\/web\/wp-json\/wp\/v2\/media\/163"}],"wp:attachment":[{"href":"https:\/\/epacartagena.gov.co\/web\/wp-json\/wp\/v2\/media?parent=161"}],"wp:term":[{"taxonomy":"category","embeddable":true,"href":"https:\/\/epacartagena.gov.co\/web\/wp-json\/wp\/v2\/categories?post=161"},{"taxonomy":"post_tag","embeddable":true,"href":"https:\/\/epacartagena.gov.co\/web\/wp-json\/wp\/v2\/tags?post=161"}],"curies":[{"name":"wp","href":"https:\/\/api.w.org\/{rel}","templated":true}]}}