{"id":17056,"date":"2024-02-16T22:41:03","date_gmt":"2024-02-17T03:41:03","guid":{"rendered":"https:\/\/epacartagena.gov.co\/web\/?p=17056"},"modified":"2024-02-16T22:41:04","modified_gmt":"2024-02-17T03:41:04","slug":"masiva-asistencia-en-mesa-participativa-ambiental-para-plan-de-desarrollo","status":"publish","type":"post","link":"https:\/\/epacartagena.gov.co\/web\/masiva-asistencia-en-mesa-participativa-ambiental-para-plan-de-desarrollo\/","title":{"rendered":"MASIVA ASISTENCIA EN MESA PARTICIPATIVA AMBIENTAL PARA PLAN DE DESARROLLO"},"content":{"rendered":"\n<p>CARTAGENA D.T.Y.C. 16 DE FEBRERO 2024. Un Plan de Desarrollo no se construye solo. Es por ello que, en el gobierno de Unidos para Avanzar, liderado por el alcalde Dumek Turbay Paz, la opini\u00f3n de la comunidad es primordial.<\/p>\n\n\n\n<p>En el Establecimiento P\u00fablico Ambiental, EPA Cartagena, consideramos vital el dialogo con los ciudadanos y ver cu\u00e1les son los puntos importantes en materia ambiental y por eso se llev\u00f3 a cabo la mesa participativa de ambiente, en la que ciudadanos, empresas privadas, lideres comunales, organizaciones no gubernamentales, entre otros, se hicieron presentes con sus propuestas.<\/p>\n\n\n\n<p>La mesa participativa se llev\u00f3 a cabo en las instalaciones de la Corporaci\u00f3n Universitaria Tecnol\u00f3gico Comfenalco, en la que participaron m\u00e1s de 200 personas, con lleno total del auditorio.<\/p>\n\n\n\n<p>El director del EPA Cartagena, Mauricio Rodr\u00edguez G\u00f3mez, presidi\u00f3 la actividad explicando a los asistentes las l\u00edneas de trabajo de la entidad, determinando algunos problemas en los que hay que trabajar para mejorar las condiciones ambientales de la ciudad e invitando a los asistentes a elaborar conjuntamente el Plan de Desarrollo, que ser\u00e1 la hoja de ruta de la ciudad para el cuatrienio 2024 \u2013 2027.<\/p>\n\n\n\n<figure class=\"wp-block-video\"><video height=\"480\" style=\"aspect-ratio: 848 \/ 480;\" width=\"848\" controls src=\"https:\/\/epacartagena.gov.co\/web\/wp-content\/uploads\/2024\/02\/planeacion.mp4\"><\/video><\/figure>\n\n\n\n<p>Al respecto, Rafael Escudero, jefe de Planeaci\u00f3n del EPA Cartagena, explic\u00f3 que la idea era reunirse con todos los grupos de valores, que de una u otra forma se han hecho participes en cada una de las acciones del EPA. \u201cEn las mesas de trabajo pretendemos construir unos verdaderos proyectos que conlleven a tener una ciudad pr\u00f3spera, sostenible y cada d\u00eda mejor\u201d.<\/p>\n\n\n\n<p>Durante la actividad se desarrollaron mesas de trabajos por temas, entre los que se destaca una de educaci\u00f3n ambiental, negocios verdes o econom\u00eda circular y vertimientos, en los que se destacaron propuestas como aumentar estrategias y fomento de acciones de educaci\u00f3n ambiental, protecci\u00f3n y control sobre ecosistemas, mantenimiento de \u00e1rboles, control a vertimientos en cuerpos de agua, culminaci\u00f3n de plan maestro de alcantarillado y protecci\u00f3n de sistema de manglar y costas marinas.<\/p>\n\n\n\n<p>As\u00ed mismo se plantearon alternativas como llevar a cabo un plan macro de mejoramiento de la ci\u00e9naga de la Virgen, recuperaci\u00f3n de zonas costeras y de ca\u00f1os, plan para el rescate del ca\u00f1o Juan Angola y estrategias de apoyo para mantener y auspiciar la creaci\u00f3n de grupos de voluntarios por el ambiente, al igual que planes para aumentar y sostener las alternativas de negocios verdes creados en las comunidades.<\/p>\n\n\n\n<p>Desde el EPA Cartagena algunos de los objetivos m\u00e1s importantes en esta nueva hoja de ruta tendr\u00e1n que ver con la adaptabilidad de la ciudad al cambio clim\u00e1tico, la planeaci\u00f3n organizada del desarrollo, proteger el medio ambiente y hacer uso sostenible de los recursos; uso de energ\u00edas renovables, entre otros temas.<\/p>\n\n\n\n<figure class=\"wp-block-gallery has-nested-images columns-default is-cropped wp-block-gallery-1 is-layout-flex wp-block-gallery-is-layout-flex\">\n<figure class=\"wp-block-image size-large\"><img loading=\"lazy\" decoding=\"async\" width=\"1024\" height=\"683\" data-id=\"17059\" src=\"https:\/\/epacartagena.gov.co\/web\/wp-content\/uploads\/2024\/02\/Imagen-de-WhatsApp-2024-02-16-a-las-22.04.23_4f6299ce-1-1024x683.jpg\" alt=\"\" class=\"wp-image-17059\" srcset=\"https:\/\/epacartagena.gov.co\/web\/wp-content\/uploads\/2024\/02\/Imagen-de-WhatsApp-2024-02-16-a-las-22.04.23_4f6299ce-1-1024x683.jpg 1024w, https:\/\/epacartagena.gov.co\/web\/wp-content\/uploads\/2024\/02\/Imagen-de-WhatsApp-2024-02-16-a-las-22.04.23_4f6299ce-1-300x200.jpg 300w, https:\/\/epacartagena.gov.co\/web\/wp-content\/uploads\/2024\/02\/Imagen-de-WhatsApp-2024-02-16-a-las-22.04.23_4f6299ce-1-768x512.jpg 768w, https:\/\/epacartagena.gov.co\/web\/wp-content\/uploads\/2024\/02\/Imagen-de-WhatsApp-2024-02-16-a-las-22.04.23_4f6299ce-1-1536x1024.jpg 1536w, https:\/\/epacartagena.gov.co\/web\/wp-content\/uploads\/2024\/02\/Imagen-de-WhatsApp-2024-02-16-a-las-22.04.23_4f6299ce-1-500x333.jpg 500w, https:\/\/epacartagena.gov.co\/web\/wp-content\/uploads\/2024\/02\/Imagen-de-WhatsApp-2024-02-16-a-las-22.04.23_4f6299ce-1-800x533.jpg 800w, https:\/\/epacartagena.gov.co\/web\/wp-content\/uploads\/2024\/02\/Imagen-de-WhatsApp-2024-02-16-a-las-22.04.23_4f6299ce-1-1280x853.jpg 1280w, https:\/\/epacartagena.gov.co\/web\/wp-content\/uploads\/2024\/02\/Imagen-de-WhatsApp-2024-02-16-a-las-22.04.23_4f6299ce-1.jpg 1599w\" sizes=\"auto, (max-width: 1024px) 100vw, 1024px\" \/><\/figure>\n\n\n\n<figure class=\"wp-block-image size-large\"><img loading=\"lazy\" decoding=\"async\" width=\"1024\" height=\"768\" data-id=\"17060\" src=\"https:\/\/epacartagena.gov.co\/web\/wp-content\/uploads\/2024\/02\/Imagen-de-WhatsApp-2024-02-16-a-las-22.04.23_65243e22-1024x768.jpg\" alt=\"\" class=\"wp-image-17060\" srcset=\"https:\/\/epacartagena.gov.co\/web\/wp-content\/uploads\/2024\/02\/Imagen-de-WhatsApp-2024-02-16-a-las-22.04.23_65243e22-1024x768.jpg 1024w, https:\/\/epacartagena.gov.co\/web\/wp-content\/uploads\/2024\/02\/Imagen-de-WhatsApp-2024-02-16-a-las-22.04.23_65243e22-300x225.jpg 300w, https:\/\/epacartagena.gov.co\/web\/wp-content\/uploads\/2024\/02\/Imagen-de-WhatsApp-2024-02-16-a-las-22.04.23_65243e22-768x576.jpg 768w, https:\/\/epacartagena.gov.co\/web\/wp-content\/uploads\/2024\/02\/Imagen-de-WhatsApp-2024-02-16-a-las-22.04.23_65243e22-500x375.jpg 500w, https:\/\/epacartagena.gov.co\/web\/wp-content\/uploads\/2024\/02\/Imagen-de-WhatsApp-2024-02-16-a-las-22.04.23_65243e22-800x600.jpg 800w, https:\/\/epacartagena.gov.co\/web\/wp-content\/uploads\/2024\/02\/Imagen-de-WhatsApp-2024-02-16-a-las-22.04.23_65243e22.jpg 1280w\" sizes=\"auto, (max-width: 1024px) 100vw, 1024px\" \/><\/figure>\n\n\n\n<figure class=\"wp-block-image size-large\"><img loading=\"lazy\" decoding=\"async\" width=\"1024\" height=\"683\" data-id=\"17061\" src=\"https:\/\/epacartagena.gov.co\/web\/wp-content\/uploads\/2024\/02\/Imagen-de-WhatsApp-2024-02-16-a-las-22.04.24_e469f3b7-1024x683.jpg\" alt=\"\" class=\"wp-image-17061\" srcset=\"https:\/\/epacartagena.gov.co\/web\/wp-content\/uploads\/2024\/02\/Imagen-de-WhatsApp-2024-02-16-a-las-22.04.24_e469f3b7-1024x683.jpg 1024w, https:\/\/epacartagena.gov.co\/web\/wp-content\/uploads\/2024\/02\/Imagen-de-WhatsApp-2024-02-16-a-las-22.04.24_e469f3b7-300x200.jpg 300w, https:\/\/epacartagena.gov.co\/web\/wp-content\/uploads\/2024\/02\/Imagen-de-WhatsApp-2024-02-16-a-las-22.04.24_e469f3b7-768x512.jpg 768w, https:\/\/epacartagena.gov.co\/web\/wp-content\/uploads\/2024\/02\/Imagen-de-WhatsApp-2024-02-16-a-las-22.04.24_e469f3b7-1536x1024.jpg 1536w, https:\/\/epacartagena.gov.co\/web\/wp-content\/uploads\/2024\/02\/Imagen-de-WhatsApp-2024-02-16-a-las-22.04.24_e469f3b7-500x333.jpg 500w, https:\/\/epacartagena.gov.co\/web\/wp-content\/uploads\/2024\/02\/Imagen-de-WhatsApp-2024-02-16-a-las-22.04.24_e469f3b7-800x533.jpg 800w, https:\/\/epacartagena.gov.co\/web\/wp-content\/uploads\/2024\/02\/Imagen-de-WhatsApp-2024-02-16-a-las-22.04.24_e469f3b7-1280x853.jpg 1280w, https:\/\/epacartagena.gov.co\/web\/wp-content\/uploads\/2024\/02\/Imagen-de-WhatsApp-2024-02-16-a-las-22.04.24_e469f3b7.jpg 1599w\" sizes=\"auto, (max-width: 1024px) 100vw, 1024px\" \/><\/figure>\n\n\n\n<figure class=\"wp-block-image size-large\"><img loading=\"lazy\" decoding=\"async\" width=\"1024\" height=\"683\" data-id=\"17062\" src=\"https:\/\/epacartagena.gov.co\/web\/wp-content\/uploads\/2024\/02\/Imagen-de-WhatsApp-2024-02-16-a-las-22.04.24_ebd516fc-1024x683.jpg\" alt=\"\" class=\"wp-image-17062\" srcset=\"https:\/\/epacartagena.gov.co\/web\/wp-content\/uploads\/2024\/02\/Imagen-de-WhatsApp-2024-02-16-a-las-22.04.24_ebd516fc-1024x683.jpg 1024w, https:\/\/epacartagena.gov.co\/web\/wp-content\/uploads\/2024\/02\/Imagen-de-WhatsApp-2024-02-16-a-las-22.04.24_ebd516fc-300x200.jpg 300w, https:\/\/epacartagena.gov.co\/web\/wp-content\/uploads\/2024\/02\/Imagen-de-WhatsApp-2024-02-16-a-las-22.04.24_ebd516fc-768x512.jpg 768w, https:\/\/epacartagena.gov.co\/web\/wp-content\/uploads\/2024\/02\/Imagen-de-WhatsApp-2024-02-16-a-las-22.04.24_ebd516fc-1536x1024.jpg 1536w, https:\/\/epacartagena.gov.co\/web\/wp-content\/uploads\/2024\/02\/Imagen-de-WhatsApp-2024-02-16-a-las-22.04.24_ebd516fc-500x333.jpg 500w, https:\/\/epacartagena.gov.co\/web\/wp-content\/uploads\/2024\/02\/Imagen-de-WhatsApp-2024-02-16-a-las-22.04.24_ebd516fc-800x533.jpg 800w, https:\/\/epacartagena.gov.co\/web\/wp-content\/uploads\/2024\/02\/Imagen-de-WhatsApp-2024-02-16-a-las-22.04.24_ebd516fc-1280x853.jpg 1280w, https:\/\/epacartagena.gov.co\/web\/wp-content\/uploads\/2024\/02\/Imagen-de-WhatsApp-2024-02-16-a-las-22.04.24_ebd516fc.jpg 1599w\" sizes=\"auto, (max-width: 1024px) 100vw, 1024px\" \/><\/figure>\n<\/figure>\n","protected":false},"excerpt":{"rendered":"<p>CARTAGENA D.T.Y.C. 16 DE FEBRERO 2024. Un Plan de Desarrollo no se construye solo. Es por ello que, en el gobierno de Unidos para Avanzar, liderado por el alcalde Dumek Turbay Paz, la opini\u00f3n de la comunidad es primordial. En el Establecimiento P\u00fablico Ambiental, EPA Cartagena, consideramos vital el dialogo con los ciudadanos y ver&#8230;<\/p>\n","protected":false},"author":2,"featured_media":17061,"comment_status":"closed","ping_status":"closed","sticky":false,"template":"","format":"standard","meta":{"_acf_changed":false,"_kad_post_transparent":"","_kad_post_title":"","_kad_post_layout":"","_kad_post_sidebar_id":"","_kad_post_content_style":"","_kad_post_vertical_padding":"","_kad_post_feature":"","_kad_post_feature_position":"","_kad_post_header":false,"_kad_post_footer":false,"_kad_post_classname":"","_vp_format_video_url":"","_vp_image_focal_point":[],"footnotes":""},"categories":[7],"tags":[],"class_list":["post-17056","post","type-post","status-publish","format-standard","has-post-thumbnail","hentry","category-noticias"],"acf":[],"_links":{"self":[{"href":"https:\/\/epacartagena.gov.co\/web\/wp-json\/wp\/v2\/posts\/17056","targetHints":{"allow":["GET"]}}],"collection":[{"href":"https:\/\/epacartagena.gov.co\/web\/wp-json\/wp\/v2\/posts"}],"about":[{"href":"https:\/\/epacartagena.gov.co\/web\/wp-json\/wp\/v2\/types\/post"}],"author":[{"embeddable":true,"href":"https:\/\/epacartagena.gov.co\/web\/wp-json\/wp\/v2\/users\/2"}],"replies":[{"embeddable":true,"href":"https:\/\/epacartagena.gov.co\/web\/wp-json\/wp\/v2\/comments?post=17056"}],"version-history":[{"count":1,"href":"https:\/\/epacartagena.gov.co\/web\/wp-json\/wp\/v2\/posts\/17056\/revisions"}],"predecessor-version":[{"id":17063,"href":"https:\/\/epacartagena.gov.co\/web\/wp-json\/wp\/v2\/posts\/17056\/revisions\/17063"}],"wp:featuredmedia":[{"embeddable":true,"href":"https:\/\/epacartagena.gov.co\/web\/wp-json\/wp\/v2\/media\/17061"}],"wp:attachment":[{"href":"https:\/\/epacartagena.gov.co\/web\/wp-json\/wp\/v2\/media?parent=17056"}],"wp:term":[{"taxonomy":"category","embeddable":true,"href":"https:\/\/epacartagena.gov.co\/web\/wp-json\/wp\/v2\/categories?post=17056"},{"taxonomy":"post_tag","embeddable":true,"href":"https:\/\/epacartagena.gov.co\/web\/wp-json\/wp\/v2\/tags?post=17056"}],"curies":[{"name":"wp","href":"https:\/\/api.w.org\/{rel}","templated":true}]}}