{"id":31191,"date":"2025-10-22T18:15:04","date_gmt":"2025-10-22T23:15:04","guid":{"rendered":"https:\/\/epacartagena.gov.co\/web\/?p=31191"},"modified":"2025-10-24T15:10:15","modified_gmt":"2025-10-24T20:10:15","slug":"epa-cartagena-y-ecopetrol-lideraron-congreso-biodiverciudades-del-caribe","status":"publish","type":"post","link":"https:\/\/epacartagena.gov.co\/web\/epa-cartagena-y-ecopetrol-lideraron-congreso-biodiverciudades-del-caribe\/","title":{"rendered":"EPA Cartagena y Ecopetrol lideraron Congreso Biodiverciudades del Caribe"},"content":{"rendered":"\n<p><strong>M\u00e1s de 250 personas se dieron cita en este espacio de dialogo, aprendizaje y construcci\u00f3n para el futuro sostenible de las ciudades del Caribe<\/strong><\/p>\n\n\n\n<p><strong><em>\u201dEstamos posicionando a Cartagena como una ciudad que abraza su biodiversidad\u201d<\/em>: Mauricio Rodr\u00edguez, director EPA<\/strong><\/p>\n\n\n\n<p>Cartagena de Indias, 23 de octubre de 2025. El Centro de Convenciones de Cartagena fue el escenario donde instituciones, expertos, l\u00edderes comunitarios, acad\u00e9micos y representantes del sector p\u00fablico y privado se dieron cita para participar en el Congreso Biodiverciudades del Caribe, un espacio de di\u00e1logo, conocimiento e intercambio de experiencias en torno a la biodiversidad urbana, el cambio clim\u00e1tico y el desarrollo sostenible, pilares fundamentales para construir territorios m\u00e1s resilientes y sostenibles.<\/p>\n\n\n\n<p>En esta oportunidad, el Establecimiento P\u00fablico Ambiental de Cartagena Y Ecopetrol Refiner\u00eda Cartagena, realizaron este encuentro en el marco de la estrategia Enr\u00fatate por el Ambiente cuyo objetivo es Fortalecer la educaci\u00f3n ambiental y promover acciones locales en torno al concepto de BiodiverCiudad en el contexto del Caribe, impulsando la protecci\u00f3n de la biodiversidad urbana, la planificaci\u00f3n ecol\u00f3gica del territorio y la participaci\u00f3n activa de la ciudadan\u00eda, a trav\u00e9s de la articulaci\u00f3n entre instituciones, comunidades y sectores estrat\u00e9gicos.<\/p>\n\n\n\n<p>El EPA Cartagena, en su calidad de autoridad ambiental de la ciudad, trabaja de manera constante en el fortalecimiento de la educaci\u00f3n ambiental, teniendo en cuenta la l\u00ednea cuatro del Plan de Desarrollo Distrital \u00abCartagena, Ciudad de Derechos\u201d, denominada \u201cCiudad Conectada y Sostenible\u201d, y de su componente impulsor de avance: Cartagena Amigable con el Ambiente.<\/p>\n\n\n\n<p>\u201cEste tipo de escenarios apunta tambi\u00e9n a la socializaci\u00f3n frente a comunidades de los trabajos que se est\u00e1n haciendo de parte del sector empresarial y autoridades ambientales. Que estemos posicionando a Cartagena como una ciudad que abraza su biodiversidad, de esa manera estamos nosotros avanzando en la consolidaci\u00f3n de Cartagena como una ciudad que vuelve a brillar\u201d anot\u00f3 Mauricio Rodr\u00edguez director de EPA Cartagena.<\/p>\n\n\n\n<figure class=\"wp-block-embed is-type-video is-provider-youtube wp-block-embed-youtube wp-embed-aspect-16-9 wp-has-aspect-ratio\"><div class=\"wp-block-embed__wrapper\">\n<iframe loading=\"lazy\" title=\"EPA Cartagena y Ecopetrol lideraron Congreso Biodiverciudades del Caribe\" width=\"720\" height=\"405\" src=\"https:\/\/www.youtube.com\/embed\/cQhZZKqss0I?feature=oembed\" frameborder=\"0\" allow=\"accelerometer; autoplay; clipboard-write; encrypted-media; gyroscope; picture-in-picture; web-share\" referrerpolicy=\"strict-origin-when-cross-origin\" allowfullscreen><\/iframe>\n<\/div><\/figure>\n\n\n\n<p><\/p>\n\n\n\n<p>Por su parte Juan Pablo V\u00e9lez, jefe Territorial Ambiental Caribe de Ecopetrol, se refiri\u00f3 a las acciones conjuntas que se vienen mediante la estrategia EnRutate por el Ambiente \u201cque tiene como objetivo promover espacios de generaci\u00f3n de conocimiento, de articulaci\u00f3n y de fortalecimiento de las bases institucionales y comunitarias de cara a transformar el territorio. Debemos tener en cuenta cu\u00e1les son las acciones que nosotros debemos realizar para proteger el ambiente, c\u00f3mo logramos vincular a todos los actores institucionales y comunitarios, y por \u00faltimo generar iniciativas y proyectos\u201d.<\/p>\n\n\n\n<figure class=\"wp-block-embed is-type-video is-provider-youtube wp-block-embed-youtube wp-embed-aspect-16-9 wp-has-aspect-ratio\"><div class=\"wp-block-embed__wrapper\">\n<iframe loading=\"lazy\" title=\"Juan Pablo Ve\u0301lez Jefe Territorial Ambiental de Ecopetrol\" width=\"720\" height=\"405\" src=\"https:\/\/www.youtube.com\/embed\/lLOFEx0FImk?feature=oembed\" frameborder=\"0\" allow=\"accelerometer; autoplay; clipboard-write; encrypted-media; gyroscope; picture-in-picture; web-share\" referrerpolicy=\"strict-origin-when-cross-origin\" allowfullscreen><\/iframe>\n<\/div><\/figure>\n\n\n\n<p><\/p>\n\n\n\n<p>Las tem\u00e1ticas abordadas entre ponencias y paneles fueron; Ecosistemas estrat\u00e9gicos en riesgo: \u00bfc\u00f3mo salvar lo que nos da vida?, Cartagena como Biodiverciudad: desaf\u00edos y oportunidades, \u00c1reas de conservaci\u00f3n para recuperar la estructura ecol\u00f3gica principal del Caribe Colombiano, Ciudadan\u00eda y naturaleza: experiencias de acci\u00f3n comunitaria en Cartagena, Experiencia del CAV del EPA Cartagena como aporte a una BiodiverCiudad, An\u00e1lisis de los datos de ingreso de fauna silvestre al Centro de Atenci\u00f3n y Valoraci\u00f3n de Fauna Silvestre de EPA Cartagena durante el a\u00f1o 2024 para el desarrollo de estrategias de educaci\u00f3n ambiental, La migraci\u00f3n de las aves en la vida Cartagenera, Biodiverciudades y resiliencia urbana, Visi\u00f3n de Colombia como pa\u00eds de biodiverciudades y Econom\u00eda circular urbana y negocios verdes<\/p>\n\n\n\n<p>Asistentes al evento resaltaron la importancia del encuentro acad\u00e9mico \u201cEste congreso me ha parecido un espacio muy interesante de conversaci\u00f3n para hablar de biodiversidad y ciudades, nosotros los seres humanos vivimos habitamos los espacios urbanos, pero tambi\u00e9n hacemos parte de la naturaleza y es esencial poder encontrar los mecanismos para poder articular estas distintas visiones\u201d Hugo Vides Bi\u00f3logo de la Sociedad Ornitol\u00f3gica de Bol\u00edvar.<\/p>\n\n\n\n<p>Se destaca la participaci\u00f3n de entidades como Barranquilla Verde, El Sistema Regional de \u00c1reas Protegidas \u2013 SIRAP, C\u00e1mara de Comercio de Cartagena, negocios verdes como Granzaplast, Geofuturo, Awaecoco, representantes de los Proyectos Ciudadanos de Educaci\u00f3n Ambiental Ecounidos, Ecovida y la junta de acci\u00f3n comunal de Policarpa. Adem\u00e1s, expertos en temas ambientales como Francisco Castillo Gonz\u00e1lez, Juan Camilo Ulloa, Hugo Vides, Adela Castro, Luis Parmenio, Berena Vergara, Gustavo Mendoza, Yuriza Mart\u00ednez, Aurora Vidal y Marcela Villadiego.<\/p>\n\n\n\n<p>EPA Cartagena y Ecopetrol, a trav\u00e9s de la refiner\u00eda de Cartagena, contin\u00faan trabajando con distintos aliados para consolidar estrategias que fortalezcan las acciones de la educaci\u00f3n ambiental e investigaci\u00f3n, en busca de la conservaci\u00f3n de los ecosistemas que tiene la ciudad.<\/p>\n\n\n\n<p><\/p>\n\n\n<style>.wp-block-kadence-advancedgallery .kb-gallery-type-grid.kb-gallery-id-31191_00c631-6e{margin:-5px;}.kb-gallery-type-grid.kb-gallery-id-31191_00c631-6e .kadence-blocks-gallery-item{padding:5px;}.kb-gallery-id-31191_00c631-6e .kadence-blocks-gallery-item .kb-gal-image-radius, .kb-gallery-id-31191_00c631-6e .kb-slide-item .kb-gal-image-radius img{border-radius:0px 0px 0px 0px;;}<\/style><div class=\"kb-gallery-wrap-id-31191_00c631-6e alignnone wp-block-kadence-advancedgallery\"><ul class=\"kb-gallery-ul kb-gallery-non-static kb-gallery-type-grid kb-gallery-id-31191_00c631-6e kb-gallery-caption-style-bottom-hover kb-gallery-filter-none kb-gallery-magnific-init\" data-image-filter=\"none\" data-item-selector=\".kadence-blocks-gallery-item\" data-lightbox-caption=\"false\" data-columns-xxl=\"3\" data-columns-xl=\"3\" data-columns-md=\"3\" data-columns-sm=\"2\" data-columns-xs=\"1\" data-columns-ss=\"1\"><li class=\"kadence-blocks-gallery-item\"><div class=\"kadence-blocks-gallery-item-inner\"><figure class=\"kb-gallery-figure kb-gallery-item-has-link kadence-blocks-gallery-item-hide-caption\"><a href=\"https:\/\/epacartagena.gov.co\/web\/wp-content\/uploads\/2025\/10\/23ba95f1-8be0-4b5f-9d56-525525bee489.jpeg\" class=\"kb-gallery-item-link\"   role=\"button\" aria-haspopup=\"dialog\"><div class=\"kb-gal-image-radius\"><div class=\"kb-gallery-image-contain kadence-blocks-gallery-intrinsic kb-gallery-image-ratio-land32 kb-has-image-ratio-land32\" ><img loading=\"lazy\" decoding=\"async\" src=\"https:\/\/epacartagena.gov.co\/web\/wp-content\/uploads\/2025\/10\/23ba95f1-8be0-4b5f-9d56-525525bee489-1024x682.jpeg\" width=\"1024\" height=\"682\" alt=\"\" data-full-image=\"https:\/\/epacartagena.gov.co\/web\/wp-content\/uploads\/2025\/10\/23ba95f1-8be0-4b5f-9d56-525525bee489.jpeg\" data-light-image=\"https:\/\/epacartagena.gov.co\/web\/wp-content\/uploads\/2025\/10\/23ba95f1-8be0-4b5f-9d56-525525bee489.jpeg\" data-id=\"31202\" class=\"wp-image-31202\" srcset=\"https:\/\/epacartagena.gov.co\/web\/wp-content\/uploads\/2025\/10\/23ba95f1-8be0-4b5f-9d56-525525bee489-1024x682.jpeg 1024w, https:\/\/epacartagena.gov.co\/web\/wp-content\/uploads\/2025\/10\/23ba95f1-8be0-4b5f-9d56-525525bee489-300x200.jpeg 300w, https:\/\/epacartagena.gov.co\/web\/wp-content\/uploads\/2025\/10\/23ba95f1-8be0-4b5f-9d56-525525bee489-768x512.jpeg 768w, https:\/\/epacartagena.gov.co\/web\/wp-content\/uploads\/2025\/10\/23ba95f1-8be0-4b5f-9d56-525525bee489-1536x1023.jpeg 1536w, https:\/\/epacartagena.gov.co\/web\/wp-content\/uploads\/2025\/10\/23ba95f1-8be0-4b5f-9d56-525525bee489-500x333.jpeg 500w, https:\/\/epacartagena.gov.co\/web\/wp-content\/uploads\/2025\/10\/23ba95f1-8be0-4b5f-9d56-525525bee489-800x533.jpeg 800w, https:\/\/epacartagena.gov.co\/web\/wp-content\/uploads\/2025\/10\/23ba95f1-8be0-4b5f-9d56-525525bee489-1280x853.jpeg 1280w, https:\/\/epacartagena.gov.co\/web\/wp-content\/uploads\/2025\/10\/23ba95f1-8be0-4b5f-9d56-525525bee489.jpeg 1600w\" sizes=\"auto, (max-width: 1024px) 100vw, 1024px\" \/><\/div><\/div><\/a><\/figure><\/div><\/li><li class=\"kadence-blocks-gallery-item\"><div class=\"kadence-blocks-gallery-item-inner\"><figure class=\"kb-gallery-figure kb-gallery-item-has-link kadence-blocks-gallery-item-hide-caption\"><a href=\"https:\/\/epacartagena.gov.co\/web\/wp-content\/uploads\/2025\/10\/WhatsApp-Image-2025-10-22-at-5.50.35-PM.jpeg\" class=\"kb-gallery-item-link\"   role=\"button\" aria-haspopup=\"dialog\"><div class=\"kb-gal-image-radius\"><div class=\"kb-gallery-image-contain kadence-blocks-gallery-intrinsic kb-gallery-image-ratio-land32 kb-has-image-ratio-land32\" ><img loading=\"lazy\" decoding=\"async\" src=\"https:\/\/epacartagena.gov.co\/web\/wp-content\/uploads\/2025\/10\/WhatsApp-Image-2025-10-22-at-5.50.35-PM-1024x683.jpeg\" width=\"1024\" height=\"683\" alt=\"\" data-full-image=\"https:\/\/epacartagena.gov.co\/web\/wp-content\/uploads\/2025\/10\/WhatsApp-Image-2025-10-22-at-5.50.35-PM.jpeg\" data-light-image=\"https:\/\/epacartagena.gov.co\/web\/wp-content\/uploads\/2025\/10\/WhatsApp-Image-2025-10-22-at-5.50.35-PM.jpeg\" data-id=\"31201\" class=\"wp-image-31201\" srcset=\"https:\/\/epacartagena.gov.co\/web\/wp-content\/uploads\/2025\/10\/WhatsApp-Image-2025-10-22-at-5.50.35-PM-1024x683.jpeg 1024w, https:\/\/epacartagena.gov.co\/web\/wp-content\/uploads\/2025\/10\/WhatsApp-Image-2025-10-22-at-5.50.35-PM-300x200.jpeg 300w, https:\/\/epacartagena.gov.co\/web\/wp-content\/uploads\/2025\/10\/WhatsApp-Image-2025-10-22-at-5.50.35-PM-768x512.jpeg 768w, https:\/\/epacartagena.gov.co\/web\/wp-content\/uploads\/2025\/10\/WhatsApp-Image-2025-10-22-at-5.50.35-PM-1536x1024.jpeg 1536w, https:\/\/epacartagena.gov.co\/web\/wp-content\/uploads\/2025\/10\/WhatsApp-Image-2025-10-22-at-5.50.35-PM-500x333.jpeg 500w, https:\/\/epacartagena.gov.co\/web\/wp-content\/uploads\/2025\/10\/WhatsApp-Image-2025-10-22-at-5.50.35-PM-800x533.jpeg 800w, https:\/\/epacartagena.gov.co\/web\/wp-content\/uploads\/2025\/10\/WhatsApp-Image-2025-10-22-at-5.50.35-PM-1280x853.jpeg 1280w, https:\/\/epacartagena.gov.co\/web\/wp-content\/uploads\/2025\/10\/WhatsApp-Image-2025-10-22-at-5.50.35-PM.jpeg 1920w\" sizes=\"auto, (max-width: 1024px) 100vw, 1024px\" \/><\/div><\/div><\/a><\/figure><\/div><\/li><li class=\"kadence-blocks-gallery-item\"><div class=\"kadence-blocks-gallery-item-inner\"><figure class=\"kb-gallery-figure kb-gallery-item-has-link kadence-blocks-gallery-item-hide-caption\"><a href=\"https:\/\/epacartagena.gov.co\/web\/wp-content\/uploads\/2025\/10\/WhatsApp-Image-2025-10-22-at-5.50.35-PM-1.jpeg\" class=\"kb-gallery-item-link\"   role=\"button\" aria-haspopup=\"dialog\"><div class=\"kb-gal-image-radius\"><div class=\"kb-gallery-image-contain kadence-blocks-gallery-intrinsic kb-gallery-image-ratio-land32 kb-has-image-ratio-land32\" ><img loading=\"lazy\" decoding=\"async\" src=\"https:\/\/epacartagena.gov.co\/web\/wp-content\/uploads\/2025\/10\/WhatsApp-Image-2025-10-22-at-5.50.35-PM-1-1024x683.jpeg\" width=\"1024\" height=\"683\" alt=\"\" data-full-image=\"https:\/\/epacartagena.gov.co\/web\/wp-content\/uploads\/2025\/10\/WhatsApp-Image-2025-10-22-at-5.50.35-PM-1.jpeg\" data-light-image=\"https:\/\/epacartagena.gov.co\/web\/wp-content\/uploads\/2025\/10\/WhatsApp-Image-2025-10-22-at-5.50.35-PM-1.jpeg\" data-id=\"31200\" class=\"wp-image-31200\" srcset=\"https:\/\/epacartagena.gov.co\/web\/wp-content\/uploads\/2025\/10\/WhatsApp-Image-2025-10-22-at-5.50.35-PM-1-1024x683.jpeg 1024w, https:\/\/epacartagena.gov.co\/web\/wp-content\/uploads\/2025\/10\/WhatsApp-Image-2025-10-22-at-5.50.35-PM-1-300x200.jpeg 300w, https:\/\/epacartagena.gov.co\/web\/wp-content\/uploads\/2025\/10\/WhatsApp-Image-2025-10-22-at-5.50.35-PM-1-768x512.jpeg 768w, https:\/\/epacartagena.gov.co\/web\/wp-content\/uploads\/2025\/10\/WhatsApp-Image-2025-10-22-at-5.50.35-PM-1-1536x1024.jpeg 1536w, https:\/\/epacartagena.gov.co\/web\/wp-content\/uploads\/2025\/10\/WhatsApp-Image-2025-10-22-at-5.50.35-PM-1-500x333.jpeg 500w, https:\/\/epacartagena.gov.co\/web\/wp-content\/uploads\/2025\/10\/WhatsApp-Image-2025-10-22-at-5.50.35-PM-1-800x533.jpeg 800w, https:\/\/epacartagena.gov.co\/web\/wp-content\/uploads\/2025\/10\/WhatsApp-Image-2025-10-22-at-5.50.35-PM-1-1280x853.jpeg 1280w, https:\/\/epacartagena.gov.co\/web\/wp-content\/uploads\/2025\/10\/WhatsApp-Image-2025-10-22-at-5.50.35-PM-1.jpeg 1920w\" sizes=\"auto, (max-width: 1024px) 100vw, 1024px\" \/><\/div><\/div><\/a><\/figure><\/div><\/li><li class=\"kadence-blocks-gallery-item\"><div class=\"kadence-blocks-gallery-item-inner\"><figure class=\"kb-gallery-figure kb-gallery-item-has-link kadence-blocks-gallery-item-hide-caption\"><a href=\"https:\/\/epacartagena.gov.co\/web\/wp-content\/uploads\/2025\/10\/364bd59d-4067-4e1c-a384-02843f5288ef.jpeg\" class=\"kb-gallery-item-link\"   role=\"button\" aria-haspopup=\"dialog\"><div class=\"kb-gal-image-radius\"><div class=\"kb-gallery-image-contain kadence-blocks-gallery-intrinsic kb-gallery-image-ratio-land32 kb-has-image-ratio-land32\" ><img loading=\"lazy\" decoding=\"async\" src=\"https:\/\/epacartagena.gov.co\/web\/wp-content\/uploads\/2025\/10\/364bd59d-4067-4e1c-a384-02843f5288ef-1024x768.jpeg\" width=\"1024\" height=\"768\" alt=\"\" data-full-image=\"https:\/\/epacartagena.gov.co\/web\/wp-content\/uploads\/2025\/10\/364bd59d-4067-4e1c-a384-02843f5288ef.jpeg\" data-light-image=\"https:\/\/epacartagena.gov.co\/web\/wp-content\/uploads\/2025\/10\/364bd59d-4067-4e1c-a384-02843f5288ef.jpeg\" data-id=\"31198\" class=\"wp-image-31198\" srcset=\"https:\/\/epacartagena.gov.co\/web\/wp-content\/uploads\/2025\/10\/364bd59d-4067-4e1c-a384-02843f5288ef-1024x768.jpeg 1024w, https:\/\/epacartagena.gov.co\/web\/wp-content\/uploads\/2025\/10\/364bd59d-4067-4e1c-a384-02843f5288ef-300x225.jpeg 300w, https:\/\/epacartagena.gov.co\/web\/wp-content\/uploads\/2025\/10\/364bd59d-4067-4e1c-a384-02843f5288ef-768x576.jpeg 768w, https:\/\/epacartagena.gov.co\/web\/wp-content\/uploads\/2025\/10\/364bd59d-4067-4e1c-a384-02843f5288ef-500x375.jpeg 500w, https:\/\/epacartagena.gov.co\/web\/wp-content\/uploads\/2025\/10\/364bd59d-4067-4e1c-a384-02843f5288ef-800x600.jpeg 800w, https:\/\/epacartagena.gov.co\/web\/wp-content\/uploads\/2025\/10\/364bd59d-4067-4e1c-a384-02843f5288ef.jpeg 1280w\" sizes=\"auto, (max-width: 1024px) 100vw, 1024px\" \/><\/div><\/div><\/a><\/figure><\/div><\/li><li class=\"kadence-blocks-gallery-item\"><div class=\"kadence-blocks-gallery-item-inner\"><figure class=\"kb-gallery-figure kb-gallery-item-has-link kadence-blocks-gallery-item-hide-caption\"><a href=\"https:\/\/epacartagena.gov.co\/web\/wp-content\/uploads\/2025\/10\/4a35d04f-63cf-44e4-85e4-9f7a115fed8e.jpeg\" class=\"kb-gallery-item-link\"   role=\"button\" aria-haspopup=\"dialog\"><div class=\"kb-gal-image-radius\"><div class=\"kb-gallery-image-contain kadence-blocks-gallery-intrinsic kb-gallery-image-ratio-land32 kb-has-image-ratio-land32\" ><img loading=\"lazy\" decoding=\"async\" src=\"https:\/\/epacartagena.gov.co\/web\/wp-content\/uploads\/2025\/10\/4a35d04f-63cf-44e4-85e4-9f7a115fed8e-1024x640.jpeg\" width=\"1024\" height=\"640\" alt=\"\" data-full-image=\"https:\/\/epacartagena.gov.co\/web\/wp-content\/uploads\/2025\/10\/4a35d04f-63cf-44e4-85e4-9f7a115fed8e.jpeg\" data-light-image=\"https:\/\/epacartagena.gov.co\/web\/wp-content\/uploads\/2025\/10\/4a35d04f-63cf-44e4-85e4-9f7a115fed8e.jpeg\" data-id=\"31197\" class=\"wp-image-31197\" srcset=\"https:\/\/epacartagena.gov.co\/web\/wp-content\/uploads\/2025\/10\/4a35d04f-63cf-44e4-85e4-9f7a115fed8e-1024x640.jpeg 1024w, https:\/\/epacartagena.gov.co\/web\/wp-content\/uploads\/2025\/10\/4a35d04f-63cf-44e4-85e4-9f7a115fed8e-300x188.jpeg 300w, https:\/\/epacartagena.gov.co\/web\/wp-content\/uploads\/2025\/10\/4a35d04f-63cf-44e4-85e4-9f7a115fed8e-768x480.jpeg 768w, https:\/\/epacartagena.gov.co\/web\/wp-content\/uploads\/2025\/10\/4a35d04f-63cf-44e4-85e4-9f7a115fed8e-500x313.jpeg 500w, https:\/\/epacartagena.gov.co\/web\/wp-content\/uploads\/2025\/10\/4a35d04f-63cf-44e4-85e4-9f7a115fed8e-800x500.jpeg 800w, https:\/\/epacartagena.gov.co\/web\/wp-content\/uploads\/2025\/10\/4a35d04f-63cf-44e4-85e4-9f7a115fed8e.jpeg 1280w\" sizes=\"auto, (max-width: 1024px) 100vw, 1024px\" \/><\/div><\/div><\/a><\/figure><\/div><\/li><li class=\"kadence-blocks-gallery-item\"><div class=\"kadence-blocks-gallery-item-inner\"><figure class=\"kb-gallery-figure kb-gallery-item-has-link kadence-blocks-gallery-item-hide-caption\"><a href=\"https:\/\/epacartagena.gov.co\/web\/wp-content\/uploads\/2025\/10\/63c426ca-c0d3-4247-bf47-f704016ed1fa.jpeg\" class=\"kb-gallery-item-link\"   role=\"button\" aria-haspopup=\"dialog\"><div class=\"kb-gal-image-radius\"><div class=\"kb-gallery-image-contain kadence-blocks-gallery-intrinsic kb-gallery-image-ratio-land32 kb-has-image-ratio-land32\" ><img loading=\"lazy\" decoding=\"async\" src=\"https:\/\/epacartagena.gov.co\/web\/wp-content\/uploads\/2025\/10\/63c426ca-c0d3-4247-bf47-f704016ed1fa-1024x721.jpeg\" width=\"1024\" height=\"721\" alt=\"\" data-full-image=\"https:\/\/epacartagena.gov.co\/web\/wp-content\/uploads\/2025\/10\/63c426ca-c0d3-4247-bf47-f704016ed1fa.jpeg\" data-light-image=\"https:\/\/epacartagena.gov.co\/web\/wp-content\/uploads\/2025\/10\/63c426ca-c0d3-4247-bf47-f704016ed1fa.jpeg\" data-id=\"31196\" class=\"wp-image-31196\" srcset=\"https:\/\/epacartagena.gov.co\/web\/wp-content\/uploads\/2025\/10\/63c426ca-c0d3-4247-bf47-f704016ed1fa-1024x721.jpeg 1024w, https:\/\/epacartagena.gov.co\/web\/wp-content\/uploads\/2025\/10\/63c426ca-c0d3-4247-bf47-f704016ed1fa-300x211.jpeg 300w, https:\/\/epacartagena.gov.co\/web\/wp-content\/uploads\/2025\/10\/63c426ca-c0d3-4247-bf47-f704016ed1fa-768x541.jpeg 768w, https:\/\/epacartagena.gov.co\/web\/wp-content\/uploads\/2025\/10\/63c426ca-c0d3-4247-bf47-f704016ed1fa-1536x1082.jpeg 1536w, https:\/\/epacartagena.gov.co\/web\/wp-content\/uploads\/2025\/10\/63c426ca-c0d3-4247-bf47-f704016ed1fa-500x352.jpeg 500w, https:\/\/epacartagena.gov.co\/web\/wp-content\/uploads\/2025\/10\/63c426ca-c0d3-4247-bf47-f704016ed1fa-800x563.jpeg 800w, https:\/\/epacartagena.gov.co\/web\/wp-content\/uploads\/2025\/10\/63c426ca-c0d3-4247-bf47-f704016ed1fa-1280x901.jpeg 1280w, https:\/\/epacartagena.gov.co\/web\/wp-content\/uploads\/2025\/10\/63c426ca-c0d3-4247-bf47-f704016ed1fa.jpeg 1920w\" sizes=\"auto, (max-width: 1024px) 100vw, 1024px\" \/><\/div><\/div><\/a><\/figure><\/div><\/li><li class=\"kadence-blocks-gallery-item\"><div class=\"kadence-blocks-gallery-item-inner\"><figure class=\"kb-gallery-figure kb-gallery-item-has-link kadence-blocks-gallery-item-hide-caption\"><a href=\"https:\/\/epacartagena.gov.co\/web\/wp-content\/uploads\/2025\/10\/3ac2cc5b-3cc7-4528-9b72-1f3db5d2861f.jpeg\" class=\"kb-gallery-item-link\"   role=\"button\" aria-haspopup=\"dialog\"><div class=\"kb-gal-image-radius\"><div class=\"kb-gallery-image-contain kadence-blocks-gallery-intrinsic kb-gallery-image-ratio-land32 kb-has-image-ratio-land32\" ><img loading=\"lazy\" decoding=\"async\" src=\"https:\/\/epacartagena.gov.co\/web\/wp-content\/uploads\/2025\/10\/3ac2cc5b-3cc7-4528-9b72-1f3db5d2861f-1024x683.jpeg\" width=\"1024\" height=\"683\" alt=\"\" data-full-image=\"https:\/\/epacartagena.gov.co\/web\/wp-content\/uploads\/2025\/10\/3ac2cc5b-3cc7-4528-9b72-1f3db5d2861f.jpeg\" data-light-image=\"https:\/\/epacartagena.gov.co\/web\/wp-content\/uploads\/2025\/10\/3ac2cc5b-3cc7-4528-9b72-1f3db5d2861f.jpeg\" data-id=\"31195\" class=\"wp-image-31195\" srcset=\"https:\/\/epacartagena.gov.co\/web\/wp-content\/uploads\/2025\/10\/3ac2cc5b-3cc7-4528-9b72-1f3db5d2861f-1024x683.jpeg 1024w, https:\/\/epacartagena.gov.co\/web\/wp-content\/uploads\/2025\/10\/3ac2cc5b-3cc7-4528-9b72-1f3db5d2861f-300x200.jpeg 300w, https:\/\/epacartagena.gov.co\/web\/wp-content\/uploads\/2025\/10\/3ac2cc5b-3cc7-4528-9b72-1f3db5d2861f-768x512.jpeg 768w, https:\/\/epacartagena.gov.co\/web\/wp-content\/uploads\/2025\/10\/3ac2cc5b-3cc7-4528-9b72-1f3db5d2861f-1536x1024.jpeg 1536w, https:\/\/epacartagena.gov.co\/web\/wp-content\/uploads\/2025\/10\/3ac2cc5b-3cc7-4528-9b72-1f3db5d2861f-500x333.jpeg 500w, https:\/\/epacartagena.gov.co\/web\/wp-content\/uploads\/2025\/10\/3ac2cc5b-3cc7-4528-9b72-1f3db5d2861f-800x533.jpeg 800w, https:\/\/epacartagena.gov.co\/web\/wp-content\/uploads\/2025\/10\/3ac2cc5b-3cc7-4528-9b72-1f3db5d2861f-1280x853.jpeg 1280w, https:\/\/epacartagena.gov.co\/web\/wp-content\/uploads\/2025\/10\/3ac2cc5b-3cc7-4528-9b72-1f3db5d2861f.jpeg 1920w\" sizes=\"auto, (max-width: 1024px) 100vw, 1024px\" \/><\/div><\/div><\/a><\/figure><\/div><\/li><li class=\"kadence-blocks-gallery-item\"><div class=\"kadence-blocks-gallery-item-inner\"><figure class=\"kb-gallery-figure kb-gallery-item-has-link kadence-blocks-gallery-item-hide-caption\"><a href=\"https:\/\/epacartagena.gov.co\/web\/wp-content\/uploads\/2025\/10\/d2707f17-8f82-49cb-aca2-fc723e2def9e.jpeg\" class=\"kb-gallery-item-link\"   role=\"button\" aria-haspopup=\"dialog\"><div class=\"kb-gal-image-radius\"><div class=\"kb-gallery-image-contain kadence-blocks-gallery-intrinsic kb-gallery-image-ratio-land32 kb-has-image-ratio-land32\" ><img loading=\"lazy\" decoding=\"async\" src=\"https:\/\/epacartagena.gov.co\/web\/wp-content\/uploads\/2025\/10\/d2707f17-8f82-49cb-aca2-fc723e2def9e-1024x683.jpeg\" width=\"1024\" height=\"683\" alt=\"\" data-full-image=\"https:\/\/epacartagena.gov.co\/web\/wp-content\/uploads\/2025\/10\/d2707f17-8f82-49cb-aca2-fc723e2def9e.jpeg\" data-light-image=\"https:\/\/epacartagena.gov.co\/web\/wp-content\/uploads\/2025\/10\/d2707f17-8f82-49cb-aca2-fc723e2def9e.jpeg\" data-id=\"31194\" class=\"wp-image-31194\" srcset=\"https:\/\/epacartagena.gov.co\/web\/wp-content\/uploads\/2025\/10\/d2707f17-8f82-49cb-aca2-fc723e2def9e-1024x683.jpeg 1024w, https:\/\/epacartagena.gov.co\/web\/wp-content\/uploads\/2025\/10\/d2707f17-8f82-49cb-aca2-fc723e2def9e-300x200.jpeg 300w, https:\/\/epacartagena.gov.co\/web\/wp-content\/uploads\/2025\/10\/d2707f17-8f82-49cb-aca2-fc723e2def9e-768x512.jpeg 768w, https:\/\/epacartagena.gov.co\/web\/wp-content\/uploads\/2025\/10\/d2707f17-8f82-49cb-aca2-fc723e2def9e-1536x1024.jpeg 1536w, https:\/\/epacartagena.gov.co\/web\/wp-content\/uploads\/2025\/10\/d2707f17-8f82-49cb-aca2-fc723e2def9e-500x333.jpeg 500w, https:\/\/epacartagena.gov.co\/web\/wp-content\/uploads\/2025\/10\/d2707f17-8f82-49cb-aca2-fc723e2def9e-800x533.jpeg 800w, https:\/\/epacartagena.gov.co\/web\/wp-content\/uploads\/2025\/10\/d2707f17-8f82-49cb-aca2-fc723e2def9e-1280x853.jpeg 1280w, https:\/\/epacartagena.gov.co\/web\/wp-content\/uploads\/2025\/10\/d2707f17-8f82-49cb-aca2-fc723e2def9e.jpeg 1920w\" sizes=\"auto, (max-width: 1024px) 100vw, 1024px\" \/><\/div><\/div><\/a><\/figure><\/div><\/li><li class=\"kadence-blocks-gallery-item\"><div class=\"kadence-blocks-gallery-item-inner\"><figure class=\"kb-gallery-figure kb-gallery-item-has-link kadence-blocks-gallery-item-hide-caption\"><a href=\"https:\/\/epacartagena.gov.co\/web\/wp-content\/uploads\/2025\/10\/e2cfebac-0e5d-40b7-8085-9437baf2b5c0.jpeg\" class=\"kb-gallery-item-link\"   role=\"button\" aria-haspopup=\"dialog\"><div class=\"kb-gal-image-radius\"><div class=\"kb-gallery-image-contain kadence-blocks-gallery-intrinsic kb-gallery-image-ratio-land32 kb-has-image-ratio-land32\" ><img loading=\"lazy\" decoding=\"async\" src=\"https:\/\/epacartagena.gov.co\/web\/wp-content\/uploads\/2025\/10\/e2cfebac-0e5d-40b7-8085-9437baf2b5c0-1024x683.jpeg\" width=\"1024\" height=\"683\" alt=\"\" data-full-image=\"https:\/\/epacartagena.gov.co\/web\/wp-content\/uploads\/2025\/10\/e2cfebac-0e5d-40b7-8085-9437baf2b5c0.jpeg\" data-light-image=\"https:\/\/epacartagena.gov.co\/web\/wp-content\/uploads\/2025\/10\/e2cfebac-0e5d-40b7-8085-9437baf2b5c0.jpeg\" data-id=\"31193\" class=\"wp-image-31193\" srcset=\"https:\/\/epacartagena.gov.co\/web\/wp-content\/uploads\/2025\/10\/e2cfebac-0e5d-40b7-8085-9437baf2b5c0-1024x683.jpeg 1024w, https:\/\/epacartagena.gov.co\/web\/wp-content\/uploads\/2025\/10\/e2cfebac-0e5d-40b7-8085-9437baf2b5c0-300x200.jpeg 300w, https:\/\/epacartagena.gov.co\/web\/wp-content\/uploads\/2025\/10\/e2cfebac-0e5d-40b7-8085-9437baf2b5c0-768x512.jpeg 768w, https:\/\/epacartagena.gov.co\/web\/wp-content\/uploads\/2025\/10\/e2cfebac-0e5d-40b7-8085-9437baf2b5c0-1536x1024.jpeg 1536w, https:\/\/epacartagena.gov.co\/web\/wp-content\/uploads\/2025\/10\/e2cfebac-0e5d-40b7-8085-9437baf2b5c0-500x333.jpeg 500w, https:\/\/epacartagena.gov.co\/web\/wp-content\/uploads\/2025\/10\/e2cfebac-0e5d-40b7-8085-9437baf2b5c0-800x533.jpeg 800w, https:\/\/epacartagena.gov.co\/web\/wp-content\/uploads\/2025\/10\/e2cfebac-0e5d-40b7-8085-9437baf2b5c0-1280x853.jpeg 1280w, https:\/\/epacartagena.gov.co\/web\/wp-content\/uploads\/2025\/10\/e2cfebac-0e5d-40b7-8085-9437baf2b5c0.jpeg 1920w\" sizes=\"auto, (max-width: 1024px) 100vw, 1024px\" \/><\/div><\/div><\/a><\/figure><\/div><\/li><li class=\"kadence-blocks-gallery-item\"><div class=\"kadence-blocks-gallery-item-inner\"><figure class=\"kb-gallery-figure kb-gallery-item-has-link kadence-blocks-gallery-item-hide-caption\"><a href=\"https:\/\/epacartagena.gov.co\/web\/wp-content\/uploads\/2025\/10\/e66a74ae-a96b-42d5-be2d-0de2bde12780.jpeg\" class=\"kb-gallery-item-link\"   role=\"button\" aria-haspopup=\"dialog\"><div class=\"kb-gal-image-radius\"><div class=\"kb-gallery-image-contain kadence-blocks-gallery-intrinsic kb-gallery-image-ratio-land32 kb-has-image-ratio-land32\" ><img loading=\"lazy\" decoding=\"async\" src=\"https:\/\/epacartagena.gov.co\/web\/wp-content\/uploads\/2025\/10\/e66a74ae-a96b-42d5-be2d-0de2bde12780-1024x683.jpeg\" width=\"1024\" height=\"683\" alt=\"\" data-full-image=\"https:\/\/epacartagena.gov.co\/web\/wp-content\/uploads\/2025\/10\/e66a74ae-a96b-42d5-be2d-0de2bde12780.jpeg\" data-light-image=\"https:\/\/epacartagena.gov.co\/web\/wp-content\/uploads\/2025\/10\/e66a74ae-a96b-42d5-be2d-0de2bde12780.jpeg\" data-id=\"31192\" class=\"wp-image-31192\" srcset=\"https:\/\/epacartagena.gov.co\/web\/wp-content\/uploads\/2025\/10\/e66a74ae-a96b-42d5-be2d-0de2bde12780-1024x683.jpeg 1024w, https:\/\/epacartagena.gov.co\/web\/wp-content\/uploads\/2025\/10\/e66a74ae-a96b-42d5-be2d-0de2bde12780-300x200.jpeg 300w, https:\/\/epacartagena.gov.co\/web\/wp-content\/uploads\/2025\/10\/e66a74ae-a96b-42d5-be2d-0de2bde12780-768x512.jpeg 768w, https:\/\/epacartagena.gov.co\/web\/wp-content\/uploads\/2025\/10\/e66a74ae-a96b-42d5-be2d-0de2bde12780-1536x1024.jpeg 1536w, https:\/\/epacartagena.gov.co\/web\/wp-content\/uploads\/2025\/10\/e66a74ae-a96b-42d5-be2d-0de2bde12780-500x333.jpeg 500w, https:\/\/epacartagena.gov.co\/web\/wp-content\/uploads\/2025\/10\/e66a74ae-a96b-42d5-be2d-0de2bde12780-800x533.jpeg 800w, https:\/\/epacartagena.gov.co\/web\/wp-content\/uploads\/2025\/10\/e66a74ae-a96b-42d5-be2d-0de2bde12780-1280x853.jpeg 1280w, https:\/\/epacartagena.gov.co\/web\/wp-content\/uploads\/2025\/10\/e66a74ae-a96b-42d5-be2d-0de2bde12780.jpeg 1920w\" sizes=\"auto, (max-width: 1024px) 100vw, 1024px\" \/><\/div><\/div><\/a><\/figure><\/div><\/li><li class=\"kadence-blocks-gallery-item\"><div class=\"kadence-blocks-gallery-item-inner\"><figure class=\"kb-gallery-figure kb-gallery-item-has-link kadence-blocks-gallery-item-hide-caption\"><a href=\"https:\/\/epacartagena.gov.co\/web\/wp-content\/uploads\/2025\/10\/WhatsApp-Image-2025-10-22-at-5.50.35-PM-3.jpeg\" class=\"kb-gallery-item-link\"   role=\"button\" aria-haspopup=\"dialog\"><div class=\"kb-gal-image-radius\"><div class=\"kb-gallery-image-contain kadence-blocks-gallery-intrinsic kb-gallery-image-ratio-land32 kb-has-image-ratio-land32\" ><img loading=\"lazy\" decoding=\"async\" src=\"https:\/\/epacartagena.gov.co\/web\/wp-content\/uploads\/2025\/10\/WhatsApp-Image-2025-10-22-at-5.50.35-PM-3-1024x683.jpeg\" width=\"1024\" height=\"683\" alt=\"\" data-full-image=\"https:\/\/epacartagena.gov.co\/web\/wp-content\/uploads\/2025\/10\/WhatsApp-Image-2025-10-22-at-5.50.35-PM-3.jpeg\" data-light-image=\"https:\/\/epacartagena.gov.co\/web\/wp-content\/uploads\/2025\/10\/WhatsApp-Image-2025-10-22-at-5.50.35-PM-3.jpeg\" data-id=\"31199\" class=\"wp-image-31199\" srcset=\"https:\/\/epacartagena.gov.co\/web\/wp-content\/uploads\/2025\/10\/WhatsApp-Image-2025-10-22-at-5.50.35-PM-3-1024x683.jpeg 1024w, https:\/\/epacartagena.gov.co\/web\/wp-content\/uploads\/2025\/10\/WhatsApp-Image-2025-10-22-at-5.50.35-PM-3-300x200.jpeg 300w, https:\/\/epacartagena.gov.co\/web\/wp-content\/uploads\/2025\/10\/WhatsApp-Image-2025-10-22-at-5.50.35-PM-3-768x512.jpeg 768w, https:\/\/epacartagena.gov.co\/web\/wp-content\/uploads\/2025\/10\/WhatsApp-Image-2025-10-22-at-5.50.35-PM-3-1536x1024.jpeg 1536w, https:\/\/epacartagena.gov.co\/web\/wp-content\/uploads\/2025\/10\/WhatsApp-Image-2025-10-22-at-5.50.35-PM-3-500x333.jpeg 500w, https:\/\/epacartagena.gov.co\/web\/wp-content\/uploads\/2025\/10\/WhatsApp-Image-2025-10-22-at-5.50.35-PM-3-800x533.jpeg 800w, https:\/\/epacartagena.gov.co\/web\/wp-content\/uploads\/2025\/10\/WhatsApp-Image-2025-10-22-at-5.50.35-PM-3-1280x853.jpeg 1280w, https:\/\/epacartagena.gov.co\/web\/wp-content\/uploads\/2025\/10\/WhatsApp-Image-2025-10-22-at-5.50.35-PM-3.jpeg 1920w\" sizes=\"auto, (max-width: 1024px) 100vw, 1024px\" \/><\/div><\/div><\/a><\/figure><\/div><\/li><\/ul><\/div>\n\n\n<p><\/p>\n\n\n\n<p><\/p>\n\n\n\n<p><\/p>\n\n\n\n<p><\/p>\n\n\n\n<p><\/p>\n","protected":false},"excerpt":{"rendered":"<p>M\u00e1s de 250 personas se dieron cita en este espacio de dialogo, aprendizaje y construcci\u00f3n para el futuro sostenible de las ciudades del Caribe \u201dEstamos posicionando a Cartagena como una ciudad que abraza su biodiversidad\u201d: Mauricio Rodr\u00edguez, director EPA Cartagena de Indias, 23 de octubre de 2025. El Centro de Convenciones de Cartagena fue el&#8230;<\/p>\n","protected":false},"author":1,"featured_media":31199,"comment_status":"closed","ping_status":"closed","sticky":false,"template":"","format":"standard","meta":{"_acf_changed":false,"_kad_post_transparent":"","_kad_post_title":"","_kad_post_layout":"","_kad_post_sidebar_id":"","_kad_post_content_style":"","_kad_post_vertical_padding":"","_kad_post_feature":"","_kad_post_feature_position":"","_kad_post_header":false,"_kad_post_footer":false,"_kad_post_classname":"","_vp_format_video_url":"","_vp_image_focal_point":[],"footnotes":""},"categories":[13,11,15,7],"tags":[],"class_list":["post-31191","post","type-post","status-publish","format-standard","has-post-thumbnail","hentry","category-cambio-climatico","category-flora-y-fauna","category-la-entidad","category-noticias"],"acf":[],"_links":{"self":[{"href":"https:\/\/epacartagena.gov.co\/web\/wp-json\/wp\/v2\/posts\/31191","targetHints":{"allow":["GET"]}}],"collection":[{"href":"https:\/\/epacartagena.gov.co\/web\/wp-json\/wp\/v2\/posts"}],"about":[{"href":"https:\/\/epacartagena.gov.co\/web\/wp-json\/wp\/v2\/types\/post"}],"author":[{"embeddable":true,"href":"https:\/\/epacartagena.gov.co\/web\/wp-json\/wp\/v2\/users\/1"}],"replies":[{"embeddable":true,"href":"https:\/\/epacartagena.gov.co\/web\/wp-json\/wp\/v2\/comments?post=31191"}],"version-history":[{"count":3,"href":"https:\/\/epacartagena.gov.co\/web\/wp-json\/wp\/v2\/posts\/31191\/revisions"}],"predecessor-version":[{"id":31355,"href":"https:\/\/epacartagena.gov.co\/web\/wp-json\/wp\/v2\/posts\/31191\/revisions\/31355"}],"wp:featuredmedia":[{"embeddable":true,"href":"https:\/\/epacartagena.gov.co\/web\/wp-json\/wp\/v2\/media\/31199"}],"wp:attachment":[{"href":"https:\/\/epacartagena.gov.co\/web\/wp-json\/wp\/v2\/media?parent=31191"}],"wp:term":[{"taxonomy":"category","embeddable":true,"href":"https:\/\/epacartagena.gov.co\/web\/wp-json\/wp\/v2\/categories?post=31191"},{"taxonomy":"post_tag","embeddable":true,"href":"https:\/\/epacartagena.gov.co\/web\/wp-json\/wp\/v2\/tags?post=31191"}],"curies":[{"name":"wp","href":"https:\/\/api.w.org\/{rel}","templated":true}]}}