{"id":36169,"date":"2026-04-29T17:53:57","date_gmt":"2026-04-29T22:53:57","guid":{"rendered":"https:\/\/epacartagena.gov.co\/web\/?p=36169"},"modified":"2026-04-29T17:53:58","modified_gmt":"2026-04-29T22:53:58","slug":"alcaldia-de-cartagena-a-traves-del-epa-rechaza-quema-indiscriminada-en-siembra-del-separador-vial-de-el-pozon","status":"publish","type":"post","link":"https:\/\/epacartagena.gov.co\/web\/alcaldia-de-cartagena-a-traves-del-epa-rechaza-quema-indiscriminada-en-siembra-del-separador-vial-de-el-pozon\/","title":{"rendered":"Alcald\u00eda de Cartagena, a trav\u00e9s del EPA, rechaza quema indiscriminada en siembra del separador vial de El Poz\u00f3n"},"content":{"rendered":"\n<p>Cartagena de Indias D. T. y C., 29 de abril de 2026. La Alcald\u00eda Mayor de Cartagena, a trav\u00e9s del Establecimiento P\u00fablico Ambiental (EPA), rechaza la quema indiscriminada realizada en el separador vial ubicado en el barrio El Poz\u00f3n, donde se pudo evidenciar la afectaci\u00f3n en la zona verde tras una visita de vigilancia y control realizada por la autoridad ambiental.<\/p>\n\n\n\n<p>Durante el recorrido se hallaron residuos de combustibles, lo que gener\u00f3 p\u00e9rdida total y parcial de la cobertura vegetal calcinada, afectaci\u00f3n del paisaje urbano y riesgo de erosi\u00f3n del suelo en un \u00e1rea de 3.040 m\u00b2. Adem\u00e1s, se identificaron 63 \u00e1rboles deteriorados y tres talados con da\u00f1os irreparables.<\/p>\n\n\n\n<p>As\u00ed mismo, se evidenciaron s\u00edntomas de estr\u00e9s t\u00e9rmico, necrosis foliar, carbonizaci\u00f3n de tejidos y da\u00f1os estructurales en las plantas, lo que compromete su recuperaci\u00f3n fisiol\u00f3gica y aumenta el riesgo de mortalidad.<\/p>\n\n\n\n<p>De acuerdo con la inspecci\u00f3n realizada, las quemas no estar\u00edan relacionadas con causas naturales, sino con la intervenci\u00f3n humana.<\/p>\n\n\n\n<p>Frente a esto, el director del EPA, Mauricio Rodr\u00edguez G\u00f3mez, sostuvo que: \u201cEs muy triste encontrarnos con escenarios como estos, donde manos perversas queman y destruyen estos jardines, estas \u00e1reas donde, por ejemplo, aqu\u00ed en el barrio El Poz\u00f3n, hab\u00edamos sembrado m\u00e1s de 700 \u00e1rboles, que ahora se encuentran en esta penosa situaci\u00f3n luego de este evento de quema\u201d.<\/p>\n\n\n\n<figure class=\"wp-block-embed is-type-video is-provider-youtube wp-block-embed-youtube wp-embed-aspect-16-9 wp-has-aspect-ratio\"><div class=\"wp-block-embed__wrapper\">\n<iframe loading=\"lazy\" title=\"EPA rechaza quema indiscriminada en siembra\" width=\"720\" height=\"405\" src=\"https:\/\/www.youtube.com\/embed\/gDiRw5NOHrU?feature=oembed\" frameborder=\"0\" allow=\"accelerometer; autoplay; clipboard-write; encrypted-media; gyroscope; picture-in-picture; web-share\" referrerpolicy=\"strict-origin-when-cross-origin\" allowfullscreen><\/iframe>\n<\/div><\/figure>\n\n\n\n<p>Rodr\u00edguez G\u00f3mez tambi\u00e9n se\u00f1al\u00f3 que el compromiso es recuperar el espacio, al tiempo que hizo un llamado a la ciudadan\u00eda para que se apropie y proteja estos espacios ambientalmente recuperados.<\/p>\n\n\n\n<p>Para mitigar el impacto causado, desde el EPA Cartagena se estar\u00e1n realizando las siguientes acciones:<\/p>\n\n\n\n<ol class=\"wp-block-list\">\n<li>Intervenci\u00f3n t\u00e9cnica para estabilizar el suelo y reducir los riesgos asociados.<\/li>\n\n\n\n<li>Retiro de \u00e1rboles o ramas quemadas que representen riesgo de ca\u00edda.<\/li>\n\n\n\n<li>Jornada de recuperaci\u00f3n de la zona, incluyendo el rescate de los 63 \u00e1rboles afectados y la reforestaci\u00f3n con especies nativas.<\/li>\n\n\n\n<li>Jornada de limpieza con el operador de aseo que presta servicio en la zona, para retirar residuos s\u00f3lidos, escombros y material vegetal afectado.<\/li>\n\n\n\n<li>Aplicaci\u00f3n de compost que aporte microorganismos ben\u00e9ficos de forma inmediata.<\/li>\n\n\n\n<li>Poda de ramas secas para estimular el rebrote y evitar la tala, si el tejido de los \u00e1rboles a\u00fan se encuentra vivo.<\/li>\n\n\n\n<li>Campa\u00f1as de sensibilizaci\u00f3n comunitaria para prevenir quemas.<\/li>\n\n\n\n<li>Investigaci\u00f3n y sanci\u00f3n a los responsables, de acuerdo con la normatividad ambiental.<\/li>\n<\/ol>\n\n\n\n<p>Cabe resaltar que la siembra de especies forestales y la cobertura vegetal han mejorado la infiltraci\u00f3n, retenci\u00f3n y regulaci\u00f3n de escorrent\u00edas, reduciendo as\u00ed los desbordamientos que se presentaban en este punto de la ciudad.<\/p>\n\n\n\n<p>Desde el EPA Cartagena se reitera el llamado a la ciudadan\u00eda para apropiarse de estos espacios recuperados, en pro del bienestar ambiental de todos.<\/p>\n\n\n<style>.wp-block-kadence-advancedgallery .kb-gallery-type-grid.kb-gallery-id-36169_080880-6a{margin:-5px;}.kb-gallery-type-grid.kb-gallery-id-36169_080880-6a .kadence-blocks-gallery-item{padding:5px;}.kb-gallery-id-36169_080880-6a .kadence-blocks-gallery-item .kb-gal-image-radius, .kb-gallery-id-36169_080880-6a .kb-slide-item .kb-gal-image-radius img{border-radius:0px 0px 0px 0px;;}<\/style><div class=\"kb-gallery-wrap-id-36169_080880-6a alignnone wp-block-kadence-advancedgallery\"><ul class=\"kb-gallery-ul kb-gallery-non-static kb-gallery-type-grid kb-gallery-id-36169_080880-6a kb-gallery-caption-style-bottom-hover kb-gallery-filter-none kb-gallery-magnific-init\" data-image-filter=\"none\" data-item-selector=\".kadence-blocks-gallery-item\" data-lightbox-caption=\"true\" data-columns-xxl=\"3\" data-columns-xl=\"3\" data-columns-md=\"3\" data-columns-sm=\"2\" data-columns-xs=\"1\" data-columns-ss=\"1\"><li class=\"kadence-blocks-gallery-item\"><div class=\"kadence-blocks-gallery-item-inner\"><figure class=\"kb-gallery-figure kb-gallery-item-has-link kadence-blocks-gallery-item-hide-caption\"><a href=\"https:\/\/epacartagena.gov.co\/web\/wp-content\/uploads\/2026\/04\/EPA-rechaza-quema-indiscriminada-en-siembra-9.jpeg\" class=\"kb-gallery-item-link\"   role=\"button\" aria-haspopup=\"dialog\"><div class=\"kb-gal-image-radius\"><div class=\"kb-gallery-image-contain kadence-blocks-gallery-intrinsic kb-gallery-image-ratio-land32 kb-has-image-ratio-land32\" ><img loading=\"lazy\" decoding=\"async\" src=\"https:\/\/epacartagena.gov.co\/web\/wp-content\/uploads\/2026\/04\/EPA-rechaza-quema-indiscriminada-en-siembra-9-768x1024.jpeg\" width=\"768\" height=\"1024\" alt=\"\" data-full-image=\"https:\/\/epacartagena.gov.co\/web\/wp-content\/uploads\/2026\/04\/EPA-rechaza-quema-indiscriminada-en-siembra-9.jpeg\" data-light-image=\"https:\/\/epacartagena.gov.co\/web\/wp-content\/uploads\/2026\/04\/EPA-rechaza-quema-indiscriminada-en-siembra-9.jpeg\" data-id=\"36168\" class=\"wp-image-36168\" srcset=\"https:\/\/epacartagena.gov.co\/web\/wp-content\/uploads\/2026\/04\/EPA-rechaza-quema-indiscriminada-en-siembra-9-768x1024.jpeg 768w, https:\/\/epacartagena.gov.co\/web\/wp-content\/uploads\/2026\/04\/EPA-rechaza-quema-indiscriminada-en-siembra-9-225x300.jpeg 225w, https:\/\/epacartagena.gov.co\/web\/wp-content\/uploads\/2026\/04\/EPA-rechaza-quema-indiscriminada-en-siembra-9-500x667.jpeg 500w, https:\/\/epacartagena.gov.co\/web\/wp-content\/uploads\/2026\/04\/EPA-rechaza-quema-indiscriminada-en-siembra-9-800x1067.jpeg 800w, https:\/\/epacartagena.gov.co\/web\/wp-content\/uploads\/2026\/04\/EPA-rechaza-quema-indiscriminada-en-siembra-9.jpeg 960w\" sizes=\"auto, (max-width: 768px) 100vw, 768px\" \/><\/div><\/div><\/a><\/figure><\/div><\/li><li class=\"kadence-blocks-gallery-item\"><div class=\"kadence-blocks-gallery-item-inner\"><figure class=\"kb-gallery-figure kb-gallery-item-has-link kadence-blocks-gallery-item-hide-caption\"><a href=\"https:\/\/epacartagena.gov.co\/web\/wp-content\/uploads\/2026\/04\/EPA-rechaza-quema-indiscriminada-en-siembra-8.jpeg\" class=\"kb-gallery-item-link\"   role=\"button\" aria-haspopup=\"dialog\"><div class=\"kb-gal-image-radius\"><div class=\"kb-gallery-image-contain kadence-blocks-gallery-intrinsic kb-gallery-image-ratio-land32 kb-has-image-ratio-land32\" ><img loading=\"lazy\" decoding=\"async\" src=\"https:\/\/epacartagena.gov.co\/web\/wp-content\/uploads\/2026\/04\/EPA-rechaza-quema-indiscriminada-en-siembra-8-1024x768.jpeg\" width=\"1024\" height=\"768\" alt=\"\" data-full-image=\"https:\/\/epacartagena.gov.co\/web\/wp-content\/uploads\/2026\/04\/EPA-rechaza-quema-indiscriminada-en-siembra-8.jpeg\" data-light-image=\"https:\/\/epacartagena.gov.co\/web\/wp-content\/uploads\/2026\/04\/EPA-rechaza-quema-indiscriminada-en-siembra-8.jpeg\" data-id=\"36167\" class=\"wp-image-36167\" srcset=\"https:\/\/epacartagena.gov.co\/web\/wp-content\/uploads\/2026\/04\/EPA-rechaza-quema-indiscriminada-en-siembra-8-1024x768.jpeg 1024w, https:\/\/epacartagena.gov.co\/web\/wp-content\/uploads\/2026\/04\/EPA-rechaza-quema-indiscriminada-en-siembra-8-300x225.jpeg 300w, https:\/\/epacartagena.gov.co\/web\/wp-content\/uploads\/2026\/04\/EPA-rechaza-quema-indiscriminada-en-siembra-8-768x576.jpeg 768w, https:\/\/epacartagena.gov.co\/web\/wp-content\/uploads\/2026\/04\/EPA-rechaza-quema-indiscriminada-en-siembra-8-500x375.jpeg 500w, https:\/\/epacartagena.gov.co\/web\/wp-content\/uploads\/2026\/04\/EPA-rechaza-quema-indiscriminada-en-siembra-8-800x600.jpeg 800w, https:\/\/epacartagena.gov.co\/web\/wp-content\/uploads\/2026\/04\/EPA-rechaza-quema-indiscriminada-en-siembra-8.jpeg 1280w\" sizes=\"auto, (max-width: 1024px) 100vw, 1024px\" \/><\/div><\/div><\/a><\/figure><\/div><\/li><li class=\"kadence-blocks-gallery-item\"><div class=\"kadence-blocks-gallery-item-inner\"><figure class=\"kb-gallery-figure kb-gallery-item-has-link kadence-blocks-gallery-item-hide-caption\"><a href=\"https:\/\/epacartagena.gov.co\/web\/wp-content\/uploads\/2026\/04\/EPA-rechaza-quema-indiscriminada-en-siembra-7.jpeg\" class=\"kb-gallery-item-link\"   role=\"button\" aria-haspopup=\"dialog\"><div class=\"kb-gal-image-radius\"><div class=\"kb-gallery-image-contain kadence-blocks-gallery-intrinsic kb-gallery-image-ratio-land32 kb-has-image-ratio-land32\" ><img loading=\"lazy\" decoding=\"async\" src=\"https:\/\/epacartagena.gov.co\/web\/wp-content\/uploads\/2026\/04\/EPA-rechaza-quema-indiscriminada-en-siembra-7-1024x768.jpeg\" width=\"1024\" height=\"768\" alt=\"\" data-full-image=\"https:\/\/epacartagena.gov.co\/web\/wp-content\/uploads\/2026\/04\/EPA-rechaza-quema-indiscriminada-en-siembra-7.jpeg\" data-light-image=\"https:\/\/epacartagena.gov.co\/web\/wp-content\/uploads\/2026\/04\/EPA-rechaza-quema-indiscriminada-en-siembra-7.jpeg\" data-id=\"36166\" class=\"wp-image-36166\" srcset=\"https:\/\/epacartagena.gov.co\/web\/wp-content\/uploads\/2026\/04\/EPA-rechaza-quema-indiscriminada-en-siembra-7-1024x768.jpeg 1024w, https:\/\/epacartagena.gov.co\/web\/wp-content\/uploads\/2026\/04\/EPA-rechaza-quema-indiscriminada-en-siembra-7-300x225.jpeg 300w, https:\/\/epacartagena.gov.co\/web\/wp-content\/uploads\/2026\/04\/EPA-rechaza-quema-indiscriminada-en-siembra-7-768x576.jpeg 768w, https:\/\/epacartagena.gov.co\/web\/wp-content\/uploads\/2026\/04\/EPA-rechaza-quema-indiscriminada-en-siembra-7-500x375.jpeg 500w, https:\/\/epacartagena.gov.co\/web\/wp-content\/uploads\/2026\/04\/EPA-rechaza-quema-indiscriminada-en-siembra-7-800x600.jpeg 800w, https:\/\/epacartagena.gov.co\/web\/wp-content\/uploads\/2026\/04\/EPA-rechaza-quema-indiscriminada-en-siembra-7.jpeg 1280w\" sizes=\"auto, (max-width: 1024px) 100vw, 1024px\" \/><\/div><\/div><\/a><\/figure><\/div><\/li><li class=\"kadence-blocks-gallery-item\"><div class=\"kadence-blocks-gallery-item-inner\"><figure class=\"kb-gallery-figure kb-gallery-item-has-link kadence-blocks-gallery-item-hide-caption\"><a href=\"https:\/\/epacartagena.gov.co\/web\/wp-content\/uploads\/2026\/04\/EPA-rechaza-quema-indiscriminada-en-siembra-6.jpeg\" class=\"kb-gallery-item-link\"   role=\"button\" aria-haspopup=\"dialog\"><div class=\"kb-gal-image-radius\"><div class=\"kb-gallery-image-contain kadence-blocks-gallery-intrinsic kb-gallery-image-ratio-land32 kb-has-image-ratio-land32\" ><img loading=\"lazy\" decoding=\"async\" src=\"https:\/\/epacartagena.gov.co\/web\/wp-content\/uploads\/2026\/04\/EPA-rechaza-quema-indiscriminada-en-siembra-6-1024x768.jpeg\" width=\"1024\" height=\"768\" alt=\"\" data-full-image=\"https:\/\/epacartagena.gov.co\/web\/wp-content\/uploads\/2026\/04\/EPA-rechaza-quema-indiscriminada-en-siembra-6.jpeg\" data-light-image=\"https:\/\/epacartagena.gov.co\/web\/wp-content\/uploads\/2026\/04\/EPA-rechaza-quema-indiscriminada-en-siembra-6.jpeg\" data-id=\"36165\" class=\"wp-image-36165\" srcset=\"https:\/\/epacartagena.gov.co\/web\/wp-content\/uploads\/2026\/04\/EPA-rechaza-quema-indiscriminada-en-siembra-6-1024x768.jpeg 1024w, https:\/\/epacartagena.gov.co\/web\/wp-content\/uploads\/2026\/04\/EPA-rechaza-quema-indiscriminada-en-siembra-6-300x225.jpeg 300w, https:\/\/epacartagena.gov.co\/web\/wp-content\/uploads\/2026\/04\/EPA-rechaza-quema-indiscriminada-en-siembra-6-768x576.jpeg 768w, https:\/\/epacartagena.gov.co\/web\/wp-content\/uploads\/2026\/04\/EPA-rechaza-quema-indiscriminada-en-siembra-6-500x375.jpeg 500w, https:\/\/epacartagena.gov.co\/web\/wp-content\/uploads\/2026\/04\/EPA-rechaza-quema-indiscriminada-en-siembra-6-800x600.jpeg 800w, https:\/\/epacartagena.gov.co\/web\/wp-content\/uploads\/2026\/04\/EPA-rechaza-quema-indiscriminada-en-siembra-6.jpeg 1280w\" sizes=\"auto, (max-width: 1024px) 100vw, 1024px\" \/><\/div><\/div><\/a><\/figure><\/div><\/li><li class=\"kadence-blocks-gallery-item\"><div class=\"kadence-blocks-gallery-item-inner\"><figure class=\"kb-gallery-figure kb-gallery-item-has-link kadence-blocks-gallery-item-hide-caption\"><a href=\"https:\/\/epacartagena.gov.co\/web\/wp-content\/uploads\/2026\/04\/EPA-rechaza-quema-indiscriminada-en-siembra-4.jpeg\" class=\"kb-gallery-item-link\"   role=\"button\" aria-haspopup=\"dialog\"><div class=\"kb-gal-image-radius\"><div class=\"kb-gallery-image-contain kadence-blocks-gallery-intrinsic kb-gallery-image-ratio-land32 kb-has-image-ratio-land32\" ><img loading=\"lazy\" decoding=\"async\" src=\"https:\/\/epacartagena.gov.co\/web\/wp-content\/uploads\/2026\/04\/EPA-rechaza-quema-indiscriminada-en-siembra-4-1024x683.jpeg\" width=\"1024\" height=\"683\" alt=\"\" data-full-image=\"https:\/\/epacartagena.gov.co\/web\/wp-content\/uploads\/2026\/04\/EPA-rechaza-quema-indiscriminada-en-siembra-4.jpeg\" data-light-image=\"https:\/\/epacartagena.gov.co\/web\/wp-content\/uploads\/2026\/04\/EPA-rechaza-quema-indiscriminada-en-siembra-4.jpeg\" data-id=\"36163\" class=\"wp-image-36163\" srcset=\"https:\/\/epacartagena.gov.co\/web\/wp-content\/uploads\/2026\/04\/EPA-rechaza-quema-indiscriminada-en-siembra-4-1024x683.jpeg 1024w, https:\/\/epacartagena.gov.co\/web\/wp-content\/uploads\/2026\/04\/EPA-rechaza-quema-indiscriminada-en-siembra-4-300x200.jpeg 300w, https:\/\/epacartagena.gov.co\/web\/wp-content\/uploads\/2026\/04\/EPA-rechaza-quema-indiscriminada-en-siembra-4-768x512.jpeg 768w, https:\/\/epacartagena.gov.co\/web\/wp-content\/uploads\/2026\/04\/EPA-rechaza-quema-indiscriminada-en-siembra-4-500x334.jpeg 500w, https:\/\/epacartagena.gov.co\/web\/wp-content\/uploads\/2026\/04\/EPA-rechaza-quema-indiscriminada-en-siembra-4-800x534.jpeg 800w, https:\/\/epacartagena.gov.co\/web\/wp-content\/uploads\/2026\/04\/EPA-rechaza-quema-indiscriminada-en-siembra-4.jpeg 1280w\" sizes=\"auto, (max-width: 1024px) 100vw, 1024px\" \/><\/div><\/div><\/a><\/figure><\/div><\/li><li class=\"kadence-blocks-gallery-item\"><div class=\"kadence-blocks-gallery-item-inner\"><figure class=\"kb-gallery-figure kb-gallery-item-has-link kadence-blocks-gallery-item-hide-caption\"><a href=\"https:\/\/epacartagena.gov.co\/web\/wp-content\/uploads\/2026\/04\/EPA-rechaza-quema-indiscriminada-en-siembra-3.jpeg\" class=\"kb-gallery-item-link\"   role=\"button\" aria-haspopup=\"dialog\"><div class=\"kb-gal-image-radius\"><div class=\"kb-gallery-image-contain kadence-blocks-gallery-intrinsic kb-gallery-image-ratio-land32 kb-has-image-ratio-land32\" ><img loading=\"lazy\" decoding=\"async\" src=\"https:\/\/epacartagena.gov.co\/web\/wp-content\/uploads\/2026\/04\/EPA-rechaza-quema-indiscriminada-en-siembra-3-1024x768.jpeg\" width=\"1024\" height=\"768\" alt=\"\" data-full-image=\"https:\/\/epacartagena.gov.co\/web\/wp-content\/uploads\/2026\/04\/EPA-rechaza-quema-indiscriminada-en-siembra-3.jpeg\" data-light-image=\"https:\/\/epacartagena.gov.co\/web\/wp-content\/uploads\/2026\/04\/EPA-rechaza-quema-indiscriminada-en-siembra-3.jpeg\" data-id=\"36162\" class=\"wp-image-36162\" srcset=\"https:\/\/epacartagena.gov.co\/web\/wp-content\/uploads\/2026\/04\/EPA-rechaza-quema-indiscriminada-en-siembra-3-1024x768.jpeg 1024w, https:\/\/epacartagena.gov.co\/web\/wp-content\/uploads\/2026\/04\/EPA-rechaza-quema-indiscriminada-en-siembra-3-300x225.jpeg 300w, https:\/\/epacartagena.gov.co\/web\/wp-content\/uploads\/2026\/04\/EPA-rechaza-quema-indiscriminada-en-siembra-3-768x576.jpeg 768w, https:\/\/epacartagena.gov.co\/web\/wp-content\/uploads\/2026\/04\/EPA-rechaza-quema-indiscriminada-en-siembra-3-500x375.jpeg 500w, https:\/\/epacartagena.gov.co\/web\/wp-content\/uploads\/2026\/04\/EPA-rechaza-quema-indiscriminada-en-siembra-3-800x600.jpeg 800w, https:\/\/epacartagena.gov.co\/web\/wp-content\/uploads\/2026\/04\/EPA-rechaza-quema-indiscriminada-en-siembra-3.jpeg 1280w\" sizes=\"auto, (max-width: 1024px) 100vw, 1024px\" \/><\/div><\/div><\/a><\/figure><\/div><\/li><li class=\"kadence-blocks-gallery-item\"><div class=\"kadence-blocks-gallery-item-inner\"><figure class=\"kb-gallery-figure kb-gallery-item-has-link kadence-blocks-gallery-item-hide-caption\"><a href=\"https:\/\/epacartagena.gov.co\/web\/wp-content\/uploads\/2026\/04\/EPA-rechaza-quema-indiscriminada-en-siembra-2.jpeg\" class=\"kb-gallery-item-link\"   role=\"button\" aria-haspopup=\"dialog\"><div class=\"kb-gal-image-radius\"><div class=\"kb-gallery-image-contain kadence-blocks-gallery-intrinsic kb-gallery-image-ratio-land32 kb-has-image-ratio-land32\" ><img loading=\"lazy\" decoding=\"async\" src=\"https:\/\/epacartagena.gov.co\/web\/wp-content\/uploads\/2026\/04\/EPA-rechaza-quema-indiscriminada-en-siembra-2-1024x683.jpeg\" width=\"1024\" height=\"683\" alt=\"\" data-full-image=\"https:\/\/epacartagena.gov.co\/web\/wp-content\/uploads\/2026\/04\/EPA-rechaza-quema-indiscriminada-en-siembra-2.jpeg\" data-light-image=\"https:\/\/epacartagena.gov.co\/web\/wp-content\/uploads\/2026\/04\/EPA-rechaza-quema-indiscriminada-en-siembra-2.jpeg\" data-id=\"36161\" class=\"wp-image-36161\" srcset=\"https:\/\/epacartagena.gov.co\/web\/wp-content\/uploads\/2026\/04\/EPA-rechaza-quema-indiscriminada-en-siembra-2-1024x683.jpeg 1024w, https:\/\/epacartagena.gov.co\/web\/wp-content\/uploads\/2026\/04\/EPA-rechaza-quema-indiscriminada-en-siembra-2-300x200.jpeg 300w, https:\/\/epacartagena.gov.co\/web\/wp-content\/uploads\/2026\/04\/EPA-rechaza-quema-indiscriminada-en-siembra-2-768x512.jpeg 768w, https:\/\/epacartagena.gov.co\/web\/wp-content\/uploads\/2026\/04\/EPA-rechaza-quema-indiscriminada-en-siembra-2-500x334.jpeg 500w, https:\/\/epacartagena.gov.co\/web\/wp-content\/uploads\/2026\/04\/EPA-rechaza-quema-indiscriminada-en-siembra-2-800x534.jpeg 800w, https:\/\/epacartagena.gov.co\/web\/wp-content\/uploads\/2026\/04\/EPA-rechaza-quema-indiscriminada-en-siembra-2.jpeg 1280w\" sizes=\"auto, (max-width: 1024px) 100vw, 1024px\" \/><\/div><\/div><\/a><\/figure><\/div><\/li><li class=\"kadence-blocks-gallery-item\"><div class=\"kadence-blocks-gallery-item-inner\"><figure class=\"kb-gallery-figure kb-gallery-item-has-link kadence-blocks-gallery-item-hide-caption\"><a href=\"https:\/\/epacartagena.gov.co\/web\/wp-content\/uploads\/2026\/04\/EPA-rechaza-quema-indiscriminada-en-siembra-1.jpeg\" class=\"kb-gallery-item-link\"   role=\"button\" aria-haspopup=\"dialog\"><div class=\"kb-gal-image-radius\"><div class=\"kb-gallery-image-contain kadence-blocks-gallery-intrinsic kb-gallery-image-ratio-land32 kb-has-image-ratio-land32\" ><img loading=\"lazy\" decoding=\"async\" src=\"https:\/\/epacartagena.gov.co\/web\/wp-content\/uploads\/2026\/04\/EPA-rechaza-quema-indiscriminada-en-siembra-1-1024x683.jpeg\" width=\"1024\" height=\"683\" alt=\"\" data-full-image=\"https:\/\/epacartagena.gov.co\/web\/wp-content\/uploads\/2026\/04\/EPA-rechaza-quema-indiscriminada-en-siembra-1.jpeg\" data-light-image=\"https:\/\/epacartagena.gov.co\/web\/wp-content\/uploads\/2026\/04\/EPA-rechaza-quema-indiscriminada-en-siembra-1.jpeg\" data-id=\"36160\" class=\"wp-image-36160\" srcset=\"https:\/\/epacartagena.gov.co\/web\/wp-content\/uploads\/2026\/04\/EPA-rechaza-quema-indiscriminada-en-siembra-1-1024x683.jpeg 1024w, https:\/\/epacartagena.gov.co\/web\/wp-content\/uploads\/2026\/04\/EPA-rechaza-quema-indiscriminada-en-siembra-1-300x200.jpeg 300w, https:\/\/epacartagena.gov.co\/web\/wp-content\/uploads\/2026\/04\/EPA-rechaza-quema-indiscriminada-en-siembra-1-768x512.jpeg 768w, https:\/\/epacartagena.gov.co\/web\/wp-content\/uploads\/2026\/04\/EPA-rechaza-quema-indiscriminada-en-siembra-1-500x334.jpeg 500w, https:\/\/epacartagena.gov.co\/web\/wp-content\/uploads\/2026\/04\/EPA-rechaza-quema-indiscriminada-en-siembra-1-800x534.jpeg 800w, https:\/\/epacartagena.gov.co\/web\/wp-content\/uploads\/2026\/04\/EPA-rechaza-quema-indiscriminada-en-siembra-1.jpeg 1280w\" sizes=\"auto, (max-width: 1024px) 100vw, 1024px\" \/><\/div><\/div><\/a><\/figure><\/div><\/li><li class=\"kadence-blocks-gallery-item\"><div class=\"kadence-blocks-gallery-item-inner\"><figure class=\"kb-gallery-figure kb-gallery-item-has-link kadence-blocks-gallery-item-hide-caption\"><a href=\"https:\/\/epacartagena.gov.co\/web\/wp-content\/uploads\/2026\/04\/EPA-rechaza-quema-indiscriminada-en-siembra-10.jpeg\" class=\"kb-gallery-item-link\"   role=\"button\" aria-haspopup=\"dialog\"><div class=\"kb-gal-image-radius\"><div class=\"kb-gallery-image-contain kadence-blocks-gallery-intrinsic kb-gallery-image-ratio-land32 kb-has-image-ratio-land32\" ><img loading=\"lazy\" decoding=\"async\" src=\"https:\/\/epacartagena.gov.co\/web\/wp-content\/uploads\/2026\/04\/EPA-rechaza-quema-indiscriminada-en-siembra-10-1024x683.jpeg\" width=\"1024\" height=\"683\" alt=\"\" data-full-image=\"https:\/\/epacartagena.gov.co\/web\/wp-content\/uploads\/2026\/04\/EPA-rechaza-quema-indiscriminada-en-siembra-10.jpeg\" data-light-image=\"https:\/\/epacartagena.gov.co\/web\/wp-content\/uploads\/2026\/04\/EPA-rechaza-quema-indiscriminada-en-siembra-10.jpeg\" data-id=\"36159\" class=\"wp-image-36159\" srcset=\"https:\/\/epacartagena.gov.co\/web\/wp-content\/uploads\/2026\/04\/EPA-rechaza-quema-indiscriminada-en-siembra-10-1024x683.jpeg 1024w, https:\/\/epacartagena.gov.co\/web\/wp-content\/uploads\/2026\/04\/EPA-rechaza-quema-indiscriminada-en-siembra-10-300x200.jpeg 300w, https:\/\/epacartagena.gov.co\/web\/wp-content\/uploads\/2026\/04\/EPA-rechaza-quema-indiscriminada-en-siembra-10-768x512.jpeg 768w, https:\/\/epacartagena.gov.co\/web\/wp-content\/uploads\/2026\/04\/EPA-rechaza-quema-indiscriminada-en-siembra-10-500x334.jpeg 500w, https:\/\/epacartagena.gov.co\/web\/wp-content\/uploads\/2026\/04\/EPA-rechaza-quema-indiscriminada-en-siembra-10-800x534.jpeg 800w, https:\/\/epacartagena.gov.co\/web\/wp-content\/uploads\/2026\/04\/EPA-rechaza-quema-indiscriminada-en-siembra-10.jpeg 1280w\" sizes=\"auto, (max-width: 1024px) 100vw, 1024px\" \/><\/div><\/div><\/a><\/figure><\/div><\/li><\/ul><\/div>\n\n\n<p>Fin del comunicado No. 650<\/p>\n","protected":false},"excerpt":{"rendered":"<p>Cartagena de Indias D. T. y C., 29 de abril de 2026. La Alcald\u00eda Mayor de Cartagena, a trav\u00e9s del Establecimiento P\u00fablico Ambiental (EPA), rechaza la quema indiscriminada realizada en el separador vial ubicado en el barrio El Poz\u00f3n, donde se pudo evidenciar la afectaci\u00f3n en la zona verde tras una visita de vigilancia y&#8230;<\/p>\n","protected":false},"author":1,"featured_media":36164,"comment_status":"closed","ping_status":"closed","sticky":false,"template":"","format":"standard","meta":{"_acf_changed":false,"_kad_post_transparent":"","_kad_post_title":"","_kad_post_layout":"","_kad_post_sidebar_id":"","_kad_post_content_style":"","_kad_post_vertical_padding":"","_kad_post_feature":"","_kad_post_feature_position":"","_kad_post_header":false,"_kad_post_footer":false,"_kad_post_classname":"","_vp_format_video_url":"","_vp_image_focal_point":[],"footnotes":""},"categories":[18,7],"tags":[],"class_list":["post-36169","post","type-post","status-publish","format-standard","has-post-thumbnail","hentry","category-control-y-vigilancia","category-noticias"],"acf":[],"_links":{"self":[{"href":"https:\/\/epacartagena.gov.co\/web\/wp-json\/wp\/v2\/posts\/36169","targetHints":{"allow":["GET"]}}],"collection":[{"href":"https:\/\/epacartagena.gov.co\/web\/wp-json\/wp\/v2\/posts"}],"about":[{"href":"https:\/\/epacartagena.gov.co\/web\/wp-json\/wp\/v2\/types\/post"}],"author":[{"embeddable":true,"href":"https:\/\/epacartagena.gov.co\/web\/wp-json\/wp\/v2\/users\/1"}],"replies":[{"embeddable":true,"href":"https:\/\/epacartagena.gov.co\/web\/wp-json\/wp\/v2\/comments?post=36169"}],"version-history":[{"count":1,"href":"https:\/\/epacartagena.gov.co\/web\/wp-json\/wp\/v2\/posts\/36169\/revisions"}],"predecessor-version":[{"id":36170,"href":"https:\/\/epacartagena.gov.co\/web\/wp-json\/wp\/v2\/posts\/36169\/revisions\/36170"}],"wp:featuredmedia":[{"embeddable":true,"href":"https:\/\/epacartagena.gov.co\/web\/wp-json\/wp\/v2\/media\/36164"}],"wp:attachment":[{"href":"https:\/\/epacartagena.gov.co\/web\/wp-json\/wp\/v2\/media?parent=36169"}],"wp:term":[{"taxonomy":"category","embeddable":true,"href":"https:\/\/epacartagena.gov.co\/web\/wp-json\/wp\/v2\/categories?post=36169"},{"taxonomy":"post_tag","embeddable":true,"href":"https:\/\/epacartagena.gov.co\/web\/wp-json\/wp\/v2\/tags?post=36169"}],"curies":[{"name":"wp","href":"https:\/\/api.w.org\/{rel}","templated":true}]}}