{"id":8496,"date":"2022-12-01T09:41:20","date_gmt":"2022-12-01T14:41:20","guid":{"rendered":"https:\/\/epacartagena.gov.co\/web\/?p=8496"},"modified":"2022-12-01T09:41:28","modified_gmt":"2022-12-01T14:41:28","slug":"se-avanza-en-recuperacion-de-zonas-degradadas-en-cienaga-de-la-virgen","status":"publish","type":"post","link":"https:\/\/epacartagena.gov.co\/web\/se-avanza-en-recuperacion-de-zonas-degradadas-en-cienaga-de-la-virgen\/","title":{"rendered":"Se avanza en recuperaci\u00f3n de zonas degradadas en ci\u00e9naga de la Virgen"},"content":{"rendered":"\n<p>Fueron demolidas siete construcciones antit\u00e9cnicas no habitadas en rellenos realizados a la ci\u00e9naga de la Virgen.<\/p>\n\n\n\n<p>Cartagena D.T.Y C 30 DE NOVIEMBRE 2022. Otra zona declarada en estado de degradaci\u00f3n ambiental en inmediaciones de la Ci\u00e9naga de la Virgen fue sometida a proceso de recuperaci\u00f3n con acciones coordinadas por el Establecimiento P\u00fablico Ambiental, EPA Cartagena.<\/p>\n\n\n\n<p>Desde este mi\u00e9rcoles y en cumplimiento del \u201cPacto Ambiental por Cartagena Rafa Vergara\u201d, en operativo del Ecobloque, liderado por EPA Cartagena y en los que participan la Guardia Ambiental Colombiana, la Oficina de Espacio P\u00fablico, Secretar\u00eda del Interior y Polic\u00eda Ambiental, se empez\u00f3 la intervenci\u00f3n de una zona del sector Rafael N\u00fa\u00f1ez, de Olaya Herrera, aleda\u00f1a a la Ci\u00e9naga de la Virgen, el cual ser\u00e1 sometida a un proceso de recuperaci\u00f3n y restauraci\u00f3n debido a su estado de degradaci\u00f3n.<\/p>\n\n\n\n<p>Este proceso fue posible debido a la participaci\u00f3n de la ciudadan\u00eda del sector, quienes denunciaron la construcci\u00f3n ilegal de viviendas antit\u00e9cnicas en zonas de manglar y que obstaculizan el normal flujo de las escorrent\u00edas de aguas pluviales que llegan a la Ci\u00e9naga, raz\u00f3n por la que en ocasiones se generan inundaciones en sectores aleda\u00f1os.<\/p>\n\n\n\n<p>Fueron 7 las construcciones antit\u00e9cnicas no habitadas que debieron ser demolidas, las cuales estaban en zonas de rellenos en la ci\u00e9naga.<\/p>\n\n\n\n<p>Este nuevo proceso hace parte de otros que el Ecobloque ha retomado para evitar se siga atentando contra la zona de manglar y cuerpos de agua de la ciudad, en los que se han invadido zonas de bajamar y rellenando parte de la Ci\u00e9naga, lo cual ha generado grandes afectaciones al ecosistema de la ciudad.<\/p>\n\n\n\n<p>El EPA Cartagena no ha cesado su trabajo en lograr consolidar su proyecto \u201cSistema de Gesti\u00f3n H\u00eddrica de la Ci\u00e9naga de la Virgen\u201d, el cual pretende desde una visi\u00f3n integral abordar los problemas ambientales y promover soluciones sostenibles en el tiempo y adaptadas a las comunidades que forman este socio-ecosistema.<\/p>\n\n\n\n<p>Es as\u00ed que en uno de los puntos establecidos en la \u201cMesa de Gobernanza: un pacto por la Ci\u00e9naga de la Virgen\u201d, escenario donde se asocian entidades gubernamentales, privadas, actores comunales, academia, ONG ambientales y otros participantes que tienen inter\u00e9s en el mejoramiento y restauraci\u00f3n de este importante cuerpo de agua de la ciudad, se determin\u00f3 la recuperaci\u00f3n de zonas degradadas en ese cuerpo de agua.<\/p>\n\n\n\n<p>Este proyecto tambi\u00e9n ha logrado la participaci\u00f3n activa de organizaciones c\u00edvicas, ambientales y Juntas de Acci\u00f3n Comunal de sectores de Olaya Herrera, La Esperanza, La Candelaria, San Francisco, Fredonia u sectores aleda\u00f1os, las cuales han venido trabajando en procesos o actividades en pro del mejoramiento de la Ci\u00e9naga de la Virgen y que apoyan a la entidad en el logro de los objetivos de este macroproyecto.<\/p>\n\n\n\n<figure class=\"wp-block-gallery has-nested-images columns-default is-cropped wp-block-gallery-1 is-layout-flex wp-block-gallery-is-layout-flex\">\n<figure class=\"wp-block-image size-large\"><img loading=\"lazy\" decoding=\"async\" width=\"1024\" height=\"768\" data-id=\"8501\" src=\"https:\/\/epacartagena.gov.co\/web\/wp-content\/uploads\/2022\/11\/0a6465b1-f19a-41ba-90bf-8cc806b9bacd-1024x768.jpeg\" alt=\"\" class=\"wp-image-8501\" srcset=\"https:\/\/epacartagena.gov.co\/web\/wp-content\/uploads\/2022\/11\/0a6465b1-f19a-41ba-90bf-8cc806b9bacd-1024x768.jpeg 1024w, https:\/\/epacartagena.gov.co\/web\/wp-content\/uploads\/2022\/11\/0a6465b1-f19a-41ba-90bf-8cc806b9bacd-300x225.jpeg 300w, https:\/\/epacartagena.gov.co\/web\/wp-content\/uploads\/2022\/11\/0a6465b1-f19a-41ba-90bf-8cc806b9bacd-768x576.jpeg 768w, https:\/\/epacartagena.gov.co\/web\/wp-content\/uploads\/2022\/11\/0a6465b1-f19a-41ba-90bf-8cc806b9bacd.jpeg 1280w\" sizes=\"auto, (max-width: 1024px) 100vw, 1024px\" \/><\/figure>\n\n\n\n<figure class=\"wp-block-image size-large\"><img loading=\"lazy\" decoding=\"async\" width=\"1024\" height=\"768\" data-id=\"8500\" src=\"https:\/\/epacartagena.gov.co\/web\/wp-content\/uploads\/2022\/11\/6a608c8f-c741-4a24-ac6e-a93dac94de4d-1024x768.jpeg\" alt=\"\" class=\"wp-image-8500\" srcset=\"https:\/\/epacartagena.gov.co\/web\/wp-content\/uploads\/2022\/11\/6a608c8f-c741-4a24-ac6e-a93dac94de4d-1024x768.jpeg 1024w, https:\/\/epacartagena.gov.co\/web\/wp-content\/uploads\/2022\/11\/6a608c8f-c741-4a24-ac6e-a93dac94de4d-300x225.jpeg 300w, https:\/\/epacartagena.gov.co\/web\/wp-content\/uploads\/2022\/11\/6a608c8f-c741-4a24-ac6e-a93dac94de4d-768x576.jpeg 768w, https:\/\/epacartagena.gov.co\/web\/wp-content\/uploads\/2022\/11\/6a608c8f-c741-4a24-ac6e-a93dac94de4d.jpeg 1280w\" sizes=\"auto, (max-width: 1024px) 100vw, 1024px\" \/><\/figure>\n\n\n\n<figure class=\"wp-block-image size-large\"><img loading=\"lazy\" decoding=\"async\" width=\"1024\" height=\"768\" data-id=\"8498\" src=\"https:\/\/epacartagena.gov.co\/web\/wp-content\/uploads\/2022\/11\/c77b8ca1-e826-42bf-b09d-ffcd55f1d014-1024x768.jpeg\" alt=\"\" class=\"wp-image-8498\" srcset=\"https:\/\/epacartagena.gov.co\/web\/wp-content\/uploads\/2022\/11\/c77b8ca1-e826-42bf-b09d-ffcd55f1d014-1024x768.jpeg 1024w, https:\/\/epacartagena.gov.co\/web\/wp-content\/uploads\/2022\/11\/c77b8ca1-e826-42bf-b09d-ffcd55f1d014-300x225.jpeg 300w, https:\/\/epacartagena.gov.co\/web\/wp-content\/uploads\/2022\/11\/c77b8ca1-e826-42bf-b09d-ffcd55f1d014-768x576.jpeg 768w, https:\/\/epacartagena.gov.co\/web\/wp-content\/uploads\/2022\/11\/c77b8ca1-e826-42bf-b09d-ffcd55f1d014.jpeg 1280w\" sizes=\"auto, (max-width: 1024px) 100vw, 1024px\" \/><\/figure>\n\n\n\n<figure class=\"wp-block-image size-large\"><img loading=\"lazy\" decoding=\"async\" width=\"1024\" height=\"768\" data-id=\"8497\" src=\"https:\/\/epacartagena.gov.co\/web\/wp-content\/uploads\/2022\/11\/eccb083d-5564-4072-9a75-ad34cc0d2f19-1024x768.jpeg\" alt=\"\" class=\"wp-image-8497\" srcset=\"https:\/\/epacartagena.gov.co\/web\/wp-content\/uploads\/2022\/11\/eccb083d-5564-4072-9a75-ad34cc0d2f19-1024x768.jpeg 1024w, https:\/\/epacartagena.gov.co\/web\/wp-content\/uploads\/2022\/11\/eccb083d-5564-4072-9a75-ad34cc0d2f19-300x225.jpeg 300w, https:\/\/epacartagena.gov.co\/web\/wp-content\/uploads\/2022\/11\/eccb083d-5564-4072-9a75-ad34cc0d2f19-768x576.jpeg 768w, https:\/\/epacartagena.gov.co\/web\/wp-content\/uploads\/2022\/11\/eccb083d-5564-4072-9a75-ad34cc0d2f19.jpeg 1280w\" sizes=\"auto, (max-width: 1024px) 100vw, 1024px\" \/><\/figure>\n<\/figure>\n\n\n\n<p>Fin de comunicado<\/p>\n","protected":false},"excerpt":{"rendered":"<p>Fueron demolidas siete construcciones antit\u00e9cnicas no habitadas en rellenos realizados a la ci\u00e9naga de la Virgen. Cartagena D.T.Y C 30 DE NOVIEMBRE 2022. Otra zona declarada en estado de degradaci\u00f3n ambiental en inmediaciones de la Ci\u00e9naga de la Virgen fue sometida a proceso de recuperaci\u00f3n con acciones coordinadas por el Establecimiento P\u00fablico Ambiental, EPA Cartagena&#8230;.<\/p>\n","protected":false},"author":1,"featured_media":8499,"comment_status":"closed","ping_status":"closed","sticky":false,"template":"","format":"standard","meta":{"_acf_changed":false,"_kad_post_transparent":"","_kad_post_title":"","_kad_post_layout":"","_kad_post_sidebar_id":"","_kad_post_content_style":"","_kad_post_vertical_padding":"","_kad_post_feature":"","_kad_post_feature_position":"","_kad_post_header":false,"_kad_post_footer":false,"_kad_post_classname":"","_vp_format_video_url":"","_vp_image_focal_point":[],"footnotes":""},"categories":[16,7],"tags":[],"class_list":["post-8496","post","type-post","status-publish","format-standard","has-post-thumbnail","hentry","category-areas-degradadas","category-noticias"],"acf":[],"_links":{"self":[{"href":"https:\/\/epacartagena.gov.co\/web\/wp-json\/wp\/v2\/posts\/8496","targetHints":{"allow":["GET"]}}],"collection":[{"href":"https:\/\/epacartagena.gov.co\/web\/wp-json\/wp\/v2\/posts"}],"about":[{"href":"https:\/\/epacartagena.gov.co\/web\/wp-json\/wp\/v2\/types\/post"}],"author":[{"embeddable":true,"href":"https:\/\/epacartagena.gov.co\/web\/wp-json\/wp\/v2\/users\/1"}],"replies":[{"embeddable":true,"href":"https:\/\/epacartagena.gov.co\/web\/wp-json\/wp\/v2\/comments?post=8496"}],"version-history":[{"count":1,"href":"https:\/\/epacartagena.gov.co\/web\/wp-json\/wp\/v2\/posts\/8496\/revisions"}],"predecessor-version":[{"id":8502,"href":"https:\/\/epacartagena.gov.co\/web\/wp-json\/wp\/v2\/posts\/8496\/revisions\/8502"}],"wp:featuredmedia":[{"embeddable":true,"href":"https:\/\/epacartagena.gov.co\/web\/wp-json\/wp\/v2\/media\/8499"}],"wp:attachment":[{"href":"https:\/\/epacartagena.gov.co\/web\/wp-json\/wp\/v2\/media?parent=8496"}],"wp:term":[{"taxonomy":"category","embeddable":true,"href":"https:\/\/epacartagena.gov.co\/web\/wp-json\/wp\/v2\/categories?post=8496"},{"taxonomy":"post_tag","embeddable":true,"href":"https:\/\/epacartagena.gov.co\/web\/wp-json\/wp\/v2\/tags?post=8496"}],"curies":[{"name":"wp","href":"https:\/\/api.w.org\/{rel}","templated":true}]}}